{"id":10807,"date":"2022-03-24T22:54:32","date_gmt":"2022-03-24T21:54:32","guid":{"rendered":"http:\/\/www.collectiviteslocales.gov.tn\/?p=10807"},"modified":"2022-03-24T23:07:29","modified_gmt":"2022-03-24T22:07:29","slug":"communique-3","status":"publish","type":"post","link":"http:\/\/www.collectiviteslocales.gov.tn\/fr\/2022\/03\/24\/communique-3\/","title":{"rendered":"Communiqu\u00e9 portant sur le r\u00e9sultat de l\u2019appel \u00e0 manifestation d\u2019int\u00e9r\u00eat pour la phase de s\u00e9lection dans le cadre du programme de r\u00e9g\u00e9n\u00e9ration des centres anciens en Tunisie"},"content":{"rendered":"\n<figure class=\"wp-block-image size-large\"><img loading=\"lazy\" width=\"1024\" height=\"588\" src=\"http:\/\/www.collectiviteslocales.gov.tn\/wp-content\/uploads\/2022\/03\/communique-1024x588.png\" alt=\"\" class=\"wp-image-10816\" srcset=\"http:\/\/www.collectiviteslocales.gov.tn\/wp-content\/uploads\/2022\/03\/communique-1024x588.png 1024w, http:\/\/www.collectiviteslocales.gov.tn\/wp-content\/uploads\/2022\/03\/communique-300x172.png 300w, http:\/\/www.collectiviteslocales.gov.tn\/wp-content\/uploads\/2022\/03\/communique-768x441.png 768w, http:\/\/www.collectiviteslocales.gov.tn\/wp-content\/uploads\/2022\/03\/communique-1536x882.png 1536w, http:\/\/www.collectiviteslocales.gov.tn\/wp-content\/uploads\/2022\/03\/communique.png 1704w\" sizes=\"(max-width: 1024px) 100vw, 1024px\" \/><\/figure>\n\n\n\n<p>\nCommuniqu\u00e9 portant sur le r\u00e9sultat de l\u2019appel \u00e0 manifestation d\u2019int\u00e9r\u00eat pour la phase de s\u00e9lection dans le cadre du programme de r\u00e9g\u00e9n\u00e9ration des centres anciens en Tunisie\n\n  <a href=\"http:\/\/www.collectiviteslocales.gov.tn\/wp-content\/uploads\/2022\/03\/PRCA_communique-fr-resultatPRCA-24-03-2022.pdf\" target=\"_blank\" class=\"shortc-button small black \" rel=\"noopener noreferrer\">\n<i class=\"fa fas fa-download\"><\/i>\n  T\u00e9l\u00e9charger <\/a>\n\n<\/p>\n","protected":false},"excerpt":{"rendered":"<p>Communiqu\u00e9 portant sur le r\u00e9sultat de l\u2019appel \u00e0 manifestation d\u2019int\u00e9r\u00eat pour la phase de s\u00e9lection dans le cadre du programme de r\u00e9g\u00e9n\u00e9ration des centres anciens en Tunisie T\u00e9l\u00e9charger<\/p>\n","protected":false},"author":4,"featured_media":10816,"comment_status":"closed","ping_status":"closed","sticky":false,"template":"","format":"standard","meta":[],"categories":[2,10,60],"tags":[],"yoast_head":"<!-- This site is optimized with the Yoast SEO plugin v16.3 - https:\/\/yoast.com\/wordpress\/plugins\/seo\/ -->\n<title>Communiqu\u00e9 portant sur le r\u00e9sultat de l\u2019appel \u00e0 manifestation d\u2019int\u00e9r\u00eat pour la phase de s\u00e9lection dans le cadre du programme de r\u00e9g\u00e9n\u00e9ration des centres anciens en Tunisie - \u0628\u0648\u0627\u0628\u0629 \u0627\u0644\u062c\u0645\u0627\u0639\u0627\u062a \u0627\u0644\u0645\u062d\u0644\u064a\u0629<\/title>\n<meta name=\"robots\" content=\"index, follow, max-snippet:-1, max-image-preview:large, max-video-preview:-1\" \/>\n<link rel=\"canonical\" href=\"http:\/\/www.collectiviteslocales.gov.tn\/fr\/2022\/03\/24\/communique-3\/\" \/>\n<meta property=\"og:locale\" content=\"fr_FR\" \/>\n<meta property=\"og:type\" content=\"article\" \/>\n<meta property=\"og:title\" content=\"Communiqu\u00e9 portant sur le r\u00e9sultat de l\u2019appel \u00e0 manifestation d\u2019int\u00e9r\u00eat pour la phase de s\u00e9lection dans le cadre du programme de r\u00e9g\u00e9n\u00e9ration des centres anciens en Tunisie - \u0628\u0648\u0627\u0628\u0629 \u0627\u0644\u062c\u0645\u0627\u0639\u0627\u062a \u0627\u0644\u0645\u062d\u0644\u064a\u0629\" \/>\n<meta property=\"og:description\" content=\"Communiqu\u00e9 portant sur le r\u00e9sultat de l\u2019appel \u00e0 manifestation d\u2019int\u00e9r\u00eat pour la phase de s\u00e9lection dans le cadre du programme de r\u00e9g\u00e9n\u00e9ration des centres anciens en Tunisie T\u00e9l\u00e9charger\" \/>\n<meta property=\"og:url\" content=\"http:\/\/www.collectiviteslocales.gov.tn\/fr\/2022\/03\/24\/communique-3\/\" \/>\n<meta property=\"og:site_name\" content=\"\u0628\u0648\u0627\u0628\u0629 \u0627\u0644\u062c\u0645\u0627\u0639\u0627\u062a \u0627\u0644\u0645\u062d\u0644\u064a\u0629\" \/>\n<meta property=\"article:published_time\" content=\"2022-03-24T21:54:32+00:00\" \/>\n<meta property=\"article:modified_time\" content=\"2022-03-24T22:07:29+00:00\" \/>\n<meta property=\"og:image\" content=\"http:\/\/www.collectiviteslocales.gov.tn\/wp-content\/uploads\/2022\/03\/communique.png\" \/>\n\t<meta property=\"og:image:width\" content=\"1704\" \/>\n\t<meta property=\"og:image:height\" content=\"979\" \/>\n<meta name=\"twitter:card\" content=\"summary_large_image\" \/>\n<meta name=\"twitter:label1\" content=\"Dur\u00e9e de lecture est.\">\n\t<meta name=\"twitter:data1\" content=\"1 minute\">\n<script type=\"application\/ld+json\" class=\"yoast-schema-graph\">{\"@context\":\"https:\/\/schema.org\",\"@graph\":[{\"@type\":\"WebSite\",\"@id\":\"http:\/\/www.collectiviteslocales.gov.tn\/#website\",\"url\":\"http:\/\/www.collectiviteslocales.gov.tn\/\",\"name\":\"\\u0628\\u0648\\u0627\\u0628\\u0629 \\u0627\\u0644\\u062c\\u0645\\u0627\\u0639\\u0627\\u062a \\u0627\\u0644\\u0645\\u062d\\u0644\\u064a\\u0629\",\"description\":\"\\u0628\\u0648\\u0627\\u0628\\u0629 \\u0627\\u0644\\u062c\\u0645\\u0627\\u0639\\u0627\\u062a \\u0627\\u0644\\u0645\\u062d\\u0644\\u064a\\u0629\",\"potentialAction\":[{\"@type\":\"SearchAction\",\"target\":\"http:\/\/www.collectiviteslocales.gov.tn\/?s={search_term_string}\",\"query-input\":\"required name=search_term_string\"}],\"inLanguage\":\"fr-FR\"},{\"@type\":\"ImageObject\",\"@id\":\"http:\/\/www.collectiviteslocales.gov.tn\/fr\/2022\/03\/24\/communique-3\/#primaryimage\",\"inLanguage\":\"fr-FR\",\"url\":\"http:\/\/www.collectiviteslocales.gov.tn\/wp-content\/uploads\/2022\/03\/communique.png\",\"contentUrl\":\"http:\/\/www.collectiviteslocales.gov.tn\/wp-content\/uploads\/2022\/03\/communique.png\",\"width\":1704,\"height\":979},{\"@type\":\"WebPage\",\"@id\":\"http:\/\/www.collectiviteslocales.gov.tn\/fr\/2022\/03\/24\/communique-3\/#webpage\",\"url\":\"http:\/\/www.collectiviteslocales.gov.tn\/fr\/2022\/03\/24\/communique-3\/\",\"name\":\"Communiqu\\u00e9 portant sur le r\\u00e9sultat de l\\u2019appel \\u00e0 manifestation d\\u2019int\\u00e9r\\u00eat pour la phase de s\\u00e9lection dans le cadre du programme de r\\u00e9g\\u00e9n\\u00e9ration des centres anciens en Tunisie - \\u0628\\u0648\\u0627\\u0628\\u0629 \\u0627\\u0644\\u062c\\u0645\\u0627\\u0639\\u0627\\u062a \\u0627\\u0644\\u0645\\u062d\\u0644\\u064a\\u0629\",\"isPartOf\":{\"@id\":\"http:\/\/www.collectiviteslocales.gov.tn\/#website\"},\"primaryImageOfPage\":{\"@id\":\"http:\/\/www.collectiviteslocales.gov.tn\/fr\/2022\/03\/24\/communique-3\/#primaryimage\"},\"datePublished\":\"2022-03-24T21:54:32+00:00\",\"dateModified\":\"2022-03-24T22:07:29+00:00\",\"author\":{\"@id\":\"http:\/\/www.collectiviteslocales.gov.tn\/#\/schema\/person\/17df0db1e4bf6a89e8a6dff08915e3b1\"},\"breadcrumb\":{\"@id\":\"http:\/\/www.collectiviteslocales.gov.tn\/fr\/2022\/03\/24\/communique-3\/#breadcrumb\"},\"inLanguage\":\"fr-FR\",\"potentialAction\":[{\"@type\":\"ReadAction\",\"target\":[\"http:\/\/www.collectiviteslocales.gov.tn\/fr\/2022\/03\/24\/communique-3\/\"]}]},{\"@type\":\"BreadcrumbList\",\"@id\":\"http:\/\/www.collectiviteslocales.gov.tn\/fr\/2022\/03\/24\/communique-3\/#breadcrumb\",\"itemListElement\":[{\"@type\":\"ListItem\",\"position\":1,\"item\":{\"@type\":\"WebPage\",\"@id\":\"http:\/\/www.collectiviteslocales.gov.tn\/\",\"url\":\"http:\/\/www.collectiviteslocales.gov.tn\/\",\"name\":\"Accueil\"}},{\"@type\":\"ListItem\",\"position\":2,\"item\":{\"@id\":\"http:\/\/www.collectiviteslocales.gov.tn\/fr\/2022\/03\/24\/communique-3\/#webpage\"}}]},{\"@type\":\"Person\",\"@id\":\"http:\/\/www.collectiviteslocales.gov.tn\/#\/schema\/person\/17df0db1e4bf6a89e8a6dff08915e3b1\",\"name\":\"helmisoltani\"}]}<\/script>\n<!-- \/ Yoast SEO plugin. -->","_links":{"self":[{"href":"http:\/\/www.collectiviteslocales.gov.tn\/fr\/wp-json\/wp\/v2\/posts\/10807"}],"collection":[{"href":"http:\/\/www.collectiviteslocales.gov.tn\/fr\/wp-json\/wp\/v2\/posts"}],"about":[{"href":"http:\/\/www.collectiviteslocales.gov.tn\/fr\/wp-json\/wp\/v2\/types\/post"}],"author":[{"embeddable":true,"href":"http:\/\/www.collectiviteslocales.gov.tn\/fr\/wp-json\/wp\/v2\/users\/4"}],"replies":[{"embeddable":true,"href":"http:\/\/www.collectiviteslocales.gov.tn\/fr\/wp-json\/wp\/v2\/comments?post=10807"}],"version-history":[{"count":3,"href":"http:\/\/www.collectiviteslocales.gov.tn\/fr\/wp-json\/wp\/v2\/posts\/10807\/revisions"}],"predecessor-version":[{"id":10818,"href":"http:\/\/www.collectiviteslocales.gov.tn\/fr\/wp-json\/wp\/v2\/posts\/10807\/revisions\/10818"}],"wp:featuredmedia":[{"embeddable":true,"href":"http:\/\/www.collectiviteslocales.gov.tn\/fr\/wp-json\/wp\/v2\/media\/10816"}],"wp:attachment":[{"href":"http:\/\/www.collectiviteslocales.gov.tn\/fr\/wp-json\/wp\/v2\/media?parent=10807"}],"wp:term":[{"taxonomy":"category","embeddable":true,"href":"http:\/\/www.collectiviteslocales.gov.tn\/fr\/wp-json\/wp\/v2\/categories?post=10807"},{"taxonomy":"post_tag","embeddable":true,"href":"http:\/\/www.collectiviteslocales.gov.tn\/fr\/wp-json\/wp\/v2\/tags?post=10807"}],"curies":[{"name":"wp","href":"https:\/\/api.w.org\/{rel}","templated":true}]}}