{"id":11570,"date":"2023-02-10T18:47:25","date_gmt":"2023-02-10T17:47:25","guid":{"rendered":"http:\/\/www.collectiviteslocales.gov.tn\/?p=11570"},"modified":"2023-02-11T15:07:15","modified_gmt":"2023-02-11T14:07:15","slug":"communique-concernant-louverture-de-lappel-a-projet-2023-pour-soumettre-les-demandes-de-projets-par-les-collectivites-locales-tunisiennes-en-partenariat-avec-leurs-homologues-francai","status":"publish","type":"post","link":"http:\/\/www.collectiviteslocales.gov.tn\/fr\/2023\/02\/10\/communique-concernant-louverture-de-lappel-a-projet-2023-pour-soumettre-les-demandes-de-projets-par-les-collectivites-locales-tunisiennes-en-partenariat-avec-leurs-homologues-francai\/","title":{"rendered":"Communiqu\u00e9 concernant l\u2019ouverture de l\u2019appel \u00e0 projet 2023 pour soumettre les demandes de projets par les collectivit\u00e9s locales tunisiennes en partenariat avec leurs homologues fran\u00e7aises, dans le cadre de la coop\u00e9ration d\u00e9centralis\u00e9e tuniso-fran\u00e7aise pour l\u2019ann\u00e9e 2023."},"content":{"rendered":"<p>Le Minist\u00e8re de l\u2019Int\u00e9rieur annonce l\u2019ouverture de l\u2019appel \u00e0 projet 2023 pour soumettre les demandes de projets par les collectivit\u00e9s locales en partenariat avec leurs homologues fran\u00e7aises, dans le cadre de la coop\u00e9ration d\u00e9centralis\u00e9e tuniso-fran\u00e7aise pour l\u2019ann\u00e9e 2023.<br \/>\nLa participation se fait par la soumission d\u2019un projet port\u00e9 conjointement par une collectivit\u00e9 locale tunisienne et son homologue fran\u00e7aise, mis en \u0153uvre pendant une ann\u00e9e, et financ\u00e9 en partie par le Minist\u00e8re de l\u2019Europe et des Affaires Etrang\u00e8res Fran\u00e7aise.<br \/>\nQuatre th\u00e9matiques sont propos\u00e9es :<br \/>\n1) Am\u00e9nagement du territoire, de la commune et des espaces publics ;<br \/>\n2) Environnement, climat, efficacit\u00e9 \u00e9nerg\u00e9tique et gestion du littoral ;<br \/>\n3) Patrimoine et culture ;<br \/>\n4) Gestion de la crise sanitaire.<br \/>\nChaque collectivit\u00e9 locale d\u00e9sirant pr\u00e9senter une proposition de projet commun avec son homologue fran\u00e7aise doit consulter le r\u00e8glement de l\u2019appel \u00e0 projets 2023 \u00e0 l&rsquo;adresse \u00e9lectronique suivante :<br \/>\n<a href=\"http:\/\/bit.ly\/3HAnesw\">http:\/\/bit.ly\/3HAnesw<\/a><\/p>\n<p>Et d\u00e9poser le dossier de candidature de l\u2019appel \u00e0 projets dans le cadre de la coop\u00e9ration d\u00e9centralis\u00e9e tuniso-fran\u00e7aise pour l\u2019ann\u00e9e 2023 comportant tous les documents \u00e9nonc\u00e9s dans le r\u00e8glement de l\u2019appel \u00e0 projets 2023, au plus tard le 03 avril 2023, directement au bureau d\u2019ordre central du Minist\u00e8re de l\u2019Int\u00e9rieur ou l\u2019envoyer par voie postale \u00e0 l\u2019adresse suivante :<br \/>\nMinist\u00e8re de l\u2019Int\u00e9rieur (Affaires Locales : direction g\u00e9n\u00e9rale des relations ext\u00e9rieures et de la coop\u00e9ration d\u00e9centralis\u00e9e internationale), Avenue Habib Bourguiba, 1001 Tunis.<br \/>\nTout dossier de candidature parvenu apr\u00e8s le d\u00e9lai susmentionn\u00e9 ne sera pas accept\u00e9.<br \/>\nContact : Lotfi Baccari : directeur de la coordination et d\u2019\u00e9laboration des conventions de coop\u00e9ration d\u00e9centralis\u00e9e internationale \u00e0 la direction g\u00e9n\u00e9rale des relations ext\u00e9rieures et de la coop\u00e9ration d\u00e9centralis\u00e9e internationale au Minist\u00e8re de l\u2019Int\u00e9rieur ( 70 243 818, lotfi.baccari@minal.state.tn).<\/p>\n","protected":false},"excerpt":{"rendered":"<p>Le Minist\u00e8re de l\u2019Int\u00e9rieur annonce l\u2019ouverture de l\u2019appel \u00e0 projet 2023 pour soumettre les demandes de projets par les collectivit\u00e9s locales en partenariat avec leurs homologues fran\u00e7aises, dans le cadre de la coop\u00e9ration d\u00e9centralis\u00e9e tuniso-fran\u00e7aise pour l\u2019ann\u00e9e 2023. La participation se fait par la soumission d\u2019un projet port\u00e9 conjointement par une collectivit\u00e9 locale tunisienne et &hellip;<\/p>\n","protected":false},"author":4,"featured_media":10816,"comment_status":"closed","ping_status":"closed","sticky":false,"template":"","format":"standard","meta":[],"categories":[2,10],"tags":[],"yoast_head":"<!-- This site is optimized with the Yoast SEO plugin v16.3 - https:\/\/yoast.com\/wordpress\/plugins\/seo\/ -->\n<title>Communiqu\u00e9 concernant l\u2019ouverture de l\u2019appel \u00e0 projet 2023 pour soumettre les demandes de projets par les collectivit\u00e9s locales tunisiennes en partenariat avec leurs homologues fran\u00e7aises, dans le cadre de la coop\u00e9ration d\u00e9centralis\u00e9e tuniso-fran\u00e7aise pour l\u2019ann\u00e9e 2023. - \u0628\u0648\u0627\u0628\u0629 \u0627\u0644\u062c\u0645\u0627\u0639\u0627\u062a \u0627\u0644\u0645\u062d\u0644\u064a\u0629<\/title>\n<meta name=\"robots\" content=\"index, follow, max-snippet:-1, max-image-preview:large, max-video-preview:-1\" \/>\n<link rel=\"canonical\" href=\"http:\/\/www.collectiviteslocales.gov.tn\/fr\/2023\/02\/10\/communique-concernant-louverture-de-lappel-a-projet-2023-pour-soumettre-les-demandes-de-projets-par-les-collectivites-locales-tunisiennes-en-partenariat-avec-leurs-homologues-francai\/\" \/>\n<meta property=\"og:locale\" content=\"fr_FR\" \/>\n<meta property=\"og:type\" content=\"article\" \/>\n<meta property=\"og:title\" content=\"Communiqu\u00e9 concernant l\u2019ouverture de l\u2019appel \u00e0 projet 2023 pour soumettre les demandes de projets par les collectivit\u00e9s locales tunisiennes en partenariat avec leurs homologues fran\u00e7aises, dans le cadre de la coop\u00e9ration d\u00e9centralis\u00e9e tuniso-fran\u00e7aise pour l\u2019ann\u00e9e 2023. - \u0628\u0648\u0627\u0628\u0629 \u0627\u0644\u062c\u0645\u0627\u0639\u0627\u062a \u0627\u0644\u0645\u062d\u0644\u064a\u0629\" \/>\n<meta property=\"og:description\" content=\"Le Minist\u00e8re de l\u2019Int\u00e9rieur annonce l\u2019ouverture de l\u2019appel \u00e0 projet 2023 pour soumettre les demandes de projets par les collectivit\u00e9s locales en partenariat avec leurs homologues fran\u00e7aises, dans le cadre de la coop\u00e9ration d\u00e9centralis\u00e9e tuniso-fran\u00e7aise pour l\u2019ann\u00e9e 2023. La participation se fait par la soumission d\u2019un projet port\u00e9 conjointement par une collectivit\u00e9 locale tunisienne et &hellip;\" \/>\n<meta property=\"og:url\" content=\"http:\/\/www.collectiviteslocales.gov.tn\/fr\/2023\/02\/10\/communique-concernant-louverture-de-lappel-a-projet-2023-pour-soumettre-les-demandes-de-projets-par-les-collectivites-locales-tunisiennes-en-partenariat-avec-leurs-homologues-francai\/\" \/>\n<meta property=\"og:site_name\" content=\"\u0628\u0648\u0627\u0628\u0629 \u0627\u0644\u062c\u0645\u0627\u0639\u0627\u062a \u0627\u0644\u0645\u062d\u0644\u064a\u0629\" \/>\n<meta property=\"article:published_time\" content=\"2023-02-10T17:47:25+00:00\" \/>\n<meta property=\"article:modified_time\" content=\"2023-02-11T14:07:15+00:00\" \/>\n<meta property=\"og:image\" content=\"http:\/\/www.collectiviteslocales.gov.tn\/wp-content\/uploads\/2022\/03\/communique.png\" \/>\n\t<meta property=\"og:image:width\" content=\"1704\" \/>\n\t<meta property=\"og:image:height\" content=\"979\" \/>\n<meta name=\"twitter:card\" content=\"summary_large_image\" \/>\n<meta name=\"twitter:label1\" content=\"Dur\u00e9e de lecture est.\">\n\t<meta name=\"twitter:data1\" content=\"2 minutes\">\n<script type=\"application\/ld+json\" class=\"yoast-schema-graph\">{\"@context\":\"https:\/\/schema.org\",\"@graph\":[{\"@type\":\"WebSite\",\"@id\":\"http:\/\/www.collectiviteslocales.gov.tn\/#website\",\"url\":\"http:\/\/www.collectiviteslocales.gov.tn\/\",\"name\":\"\\u0628\\u0648\\u0627\\u0628\\u0629 \\u0627\\u0644\\u062c\\u0645\\u0627\\u0639\\u0627\\u062a \\u0627\\u0644\\u0645\\u062d\\u0644\\u064a\\u0629\",\"description\":\"\\u0628\\u0648\\u0627\\u0628\\u0629 \\u0627\\u0644\\u062c\\u0645\\u0627\\u0639\\u0627\\u062a \\u0627\\u0644\\u0645\\u062d\\u0644\\u064a\\u0629\",\"potentialAction\":[{\"@type\":\"SearchAction\",\"target\":\"http:\/\/www.collectiviteslocales.gov.tn\/?s={search_term_string}\",\"query-input\":\"required name=search_term_string\"}],\"inLanguage\":\"fr-FR\"},{\"@type\":\"ImageObject\",\"@id\":\"http:\/\/www.collectiviteslocales.gov.tn\/fr\/2023\/02\/10\/communique-concernant-louverture-de-lappel-a-projet-2023-pour-soumettre-les-demandes-de-projets-par-les-collectivites-locales-tunisiennes-en-partenariat-avec-leurs-homologues-francai\/#primaryimage\",\"inLanguage\":\"fr-FR\",\"url\":\"http:\/\/www.collectiviteslocales.gov.tn\/wp-content\/uploads\/2022\/03\/communique.png\",\"contentUrl\":\"http:\/\/www.collectiviteslocales.gov.tn\/wp-content\/uploads\/2022\/03\/communique.png\",\"width\":1704,\"height\":979},{\"@type\":\"WebPage\",\"@id\":\"http:\/\/www.collectiviteslocales.gov.tn\/fr\/2023\/02\/10\/communique-concernant-louverture-de-lappel-a-projet-2023-pour-soumettre-les-demandes-de-projets-par-les-collectivites-locales-tunisiennes-en-partenariat-avec-leurs-homologues-francai\/#webpage\",\"url\":\"http:\/\/www.collectiviteslocales.gov.tn\/fr\/2023\/02\/10\/communique-concernant-louverture-de-lappel-a-projet-2023-pour-soumettre-les-demandes-de-projets-par-les-collectivites-locales-tunisiennes-en-partenariat-avec-leurs-homologues-francai\/\",\"name\":\"Communiqu\\u00e9 concernant l\\u2019ouverture de l\\u2019appel \\u00e0 projet 2023 pour soumettre les demandes de projets par les collectivit\\u00e9s locales tunisiennes en partenariat avec leurs homologues fran\\u00e7aises, dans le cadre de la coop\\u00e9ration d\\u00e9centralis\\u00e9e tuniso-fran\\u00e7aise pour l\\u2019ann\\u00e9e 2023. - \\u0628\\u0648\\u0627\\u0628\\u0629 \\u0627\\u0644\\u062c\\u0645\\u0627\\u0639\\u0627\\u062a \\u0627\\u0644\\u0645\\u062d\\u0644\\u064a\\u0629\",\"isPartOf\":{\"@id\":\"http:\/\/www.collectiviteslocales.gov.tn\/#website\"},\"primaryImageOfPage\":{\"@id\":\"http:\/\/www.collectiviteslocales.gov.tn\/fr\/2023\/02\/10\/communique-concernant-louverture-de-lappel-a-projet-2023-pour-soumettre-les-demandes-de-projets-par-les-collectivites-locales-tunisiennes-en-partenariat-avec-leurs-homologues-francai\/#primaryimage\"},\"datePublished\":\"2023-02-10T17:47:25+00:00\",\"dateModified\":\"2023-02-11T14:07:15+00:00\",\"author\":{\"@id\":\"http:\/\/www.collectiviteslocales.gov.tn\/#\/schema\/person\/17df0db1e4bf6a89e8a6dff08915e3b1\"},\"breadcrumb\":{\"@id\":\"http:\/\/www.collectiviteslocales.gov.tn\/fr\/2023\/02\/10\/communique-concernant-louverture-de-lappel-a-projet-2023-pour-soumettre-les-demandes-de-projets-par-les-collectivites-locales-tunisiennes-en-partenariat-avec-leurs-homologues-francai\/#breadcrumb\"},\"inLanguage\":\"fr-FR\",\"potentialAction\":[{\"@type\":\"ReadAction\",\"target\":[\"http:\/\/www.collectiviteslocales.gov.tn\/fr\/2023\/02\/10\/communique-concernant-louverture-de-lappel-a-projet-2023-pour-soumettre-les-demandes-de-projets-par-les-collectivites-locales-tunisiennes-en-partenariat-avec-leurs-homologues-francai\/\"]}]},{\"@type\":\"BreadcrumbList\",\"@id\":\"http:\/\/www.collectiviteslocales.gov.tn\/fr\/2023\/02\/10\/communique-concernant-louverture-de-lappel-a-projet-2023-pour-soumettre-les-demandes-de-projets-par-les-collectivites-locales-tunisiennes-en-partenariat-avec-leurs-homologues-francai\/#breadcrumb\",\"itemListElement\":[{\"@type\":\"ListItem\",\"position\":1,\"item\":{\"@type\":\"WebPage\",\"@id\":\"http:\/\/www.collectiviteslocales.gov.tn\/\",\"url\":\"http:\/\/www.collectiviteslocales.gov.tn\/\",\"name\":\"Accueil\"}},{\"@type\":\"ListItem\",\"position\":2,\"item\":{\"@id\":\"http:\/\/www.collectiviteslocales.gov.tn\/fr\/2023\/02\/10\/communique-concernant-louverture-de-lappel-a-projet-2023-pour-soumettre-les-demandes-de-projets-par-les-collectivites-locales-tunisiennes-en-partenariat-avec-leurs-homologues-francai\/#webpage\"}}]},{\"@type\":\"Person\",\"@id\":\"http:\/\/www.collectiviteslocales.gov.tn\/#\/schema\/person\/17df0db1e4bf6a89e8a6dff08915e3b1\",\"name\":\"helmisoltani\"}]}<\/script>\n<!-- \/ Yoast SEO plugin. -->","_links":{"self":[{"href":"http:\/\/www.collectiviteslocales.gov.tn\/fr\/wp-json\/wp\/v2\/posts\/11570"}],"collection":[{"href":"http:\/\/www.collectiviteslocales.gov.tn\/fr\/wp-json\/wp\/v2\/posts"}],"about":[{"href":"http:\/\/www.collectiviteslocales.gov.tn\/fr\/wp-json\/wp\/v2\/types\/post"}],"author":[{"embeddable":true,"href":"http:\/\/www.collectiviteslocales.gov.tn\/fr\/wp-json\/wp\/v2\/users\/4"}],"replies":[{"embeddable":true,"href":"http:\/\/www.collectiviteslocales.gov.tn\/fr\/wp-json\/wp\/v2\/comments?post=11570"}],"version-history":[{"count":6,"href":"http:\/\/www.collectiviteslocales.gov.tn\/fr\/wp-json\/wp\/v2\/posts\/11570\/revisions"}],"predecessor-version":[{"id":11582,"href":"http:\/\/www.collectiviteslocales.gov.tn\/fr\/wp-json\/wp\/v2\/posts\/11570\/revisions\/11582"}],"wp:featuredmedia":[{"embeddable":true,"href":"http:\/\/www.collectiviteslocales.gov.tn\/fr\/wp-json\/wp\/v2\/media\/10816"}],"wp:attachment":[{"href":"http:\/\/www.collectiviteslocales.gov.tn\/fr\/wp-json\/wp\/v2\/media?parent=11570"}],"wp:term":[{"taxonomy":"category","embeddable":true,"href":"http:\/\/www.collectiviteslocales.gov.tn\/fr\/wp-json\/wp\/v2\/categories?post=11570"},{"taxonomy":"post_tag","embeddable":true,"href":"http:\/\/www.collectiviteslocales.gov.tn\/fr\/wp-json\/wp\/v2\/tags?post=11570"}],"curies":[{"name":"wp","href":"https:\/\/api.w.org\/{rel}","templated":true}]}}