{"id":2035,"date":"2019-03-14T08:56:08","date_gmt":"2019-03-14T07:56:08","guid":{"rendered":"http:\/\/www.collectiviteslocales.gov.tn\/?p=2035"},"modified":"2019-03-14T08:56:08","modified_gmt":"2019-03-14T07:56:08","slug":"ouverture-des-candidatures","status":"publish","type":"post","link":"http:\/\/www.collectiviteslocales.gov.tn\/fr\/2019\/03\/14\/ouverture-des-candidatures\/","title":{"rendered":"Circulaire : L&rsquo;ouverture des candidatures aux projets des collectivit\u00e9s locales tunisiennes"},"content":{"rendered":"<p>Le minist\u00e8re des Affaires locales et de l&rsquo;Environnement annonce l&rsquo;ouverture de candidatures \u00e0 des projets pr\u00e9sent\u00e9s par les collectivit\u00e9s locales tunisiennes en partenariat avec leurs homologues fran\u00e7aises dans le cadre de la coop\u00e9ration d\u00e9centralis\u00e9e tuniso-fran\u00e7aise de 2019.<\/p>\n<p> \u2013 <a href=\"http:\/\/www.collectiviteslocales.gov.tn\/wp-content\/uploads\/2019\/01\/UTF_8_\u0628\u0640\u0640\u0640\u0640\u0640\u0640\u0640\u0640\u0640\u0644\u0627\u063a_UTF.pdf\" target=\"_blank\" rel=\"noopener\">T\u00e9l\u00e9charger Circulaire <\/a><\/p>\n","protected":false},"excerpt":{"rendered":"<p>Le minist\u00e8re des Affaires locales et de l&rsquo;Environnement annonce l&rsquo;ouverture de candidatures \u00e0 des projets pr\u00e9sent\u00e9s par les collectivit\u00e9s locales tunisiennes en partenariat avec leurs homologues fran\u00e7aises dans le cadre de la coop\u00e9ration d\u00e9centralis\u00e9e tuniso-fran\u00e7aise de 2019. \u2013 T\u00e9l\u00e9charger Circulaire<\/p>\n","protected":false},"author":1,"featured_media":0,"comment_status":"closed","ping_status":"open","sticky":false,"template":"","format":"standard","meta":[],"categories":[60],"tags":[],"yoast_head":"<!-- This site is optimized with the Yoast SEO plugin v16.3 - https:\/\/yoast.com\/wordpress\/plugins\/seo\/ -->\n<title>Circulaire : L&#039;ouverture des candidatures aux projets des collectivit\u00e9s locales tunisiennes - \u0628\u0648\u0627\u0628\u0629 \u0627\u0644\u062c\u0645\u0627\u0639\u0627\u062a \u0627\u0644\u0645\u062d\u0644\u064a\u0629<\/title>\n<meta name=\"robots\" content=\"index, follow, max-snippet:-1, max-image-preview:large, max-video-preview:-1\" \/>\n<link rel=\"canonical\" href=\"http:\/\/www.collectiviteslocales.gov.tn\/fr\/2019\/03\/11\/\u0628\u0640\u0640\u0640\u0640\u0640\u0640\u0640\u0640\u0640\u0644\u0627\u063a-\u0641\u062a\u062d-\u0628\u0627\u0628-\u0627\u0644\u062a\u0631\u0634\u062d\u0627\u062a-\u0644\u062a\u0642\u062f\u064a\/\" \/>\n<meta property=\"og:locale\" content=\"fr_FR\" \/>\n<meta property=\"og:type\" content=\"article\" \/>\n<meta property=\"og:title\" content=\"Circulaire : L&#039;ouverture des candidatures aux projets des collectivit\u00e9s locales tunisiennes - \u0628\u0648\u0627\u0628\u0629 \u0627\u0644\u062c\u0645\u0627\u0639\u0627\u062a \u0627\u0644\u0645\u062d\u0644\u064a\u0629\" \/>\n<meta property=\"og:description\" content=\"Le minist\u00e8re des Affaires locales et de l&rsquo;Environnement annonce l&rsquo;ouverture de candidatures \u00e0 des projets pr\u00e9sent\u00e9s par les collectivit\u00e9s locales tunisiennes en partenariat avec leurs homologues fran\u00e7aises dans le cadre de la coop\u00e9ration d\u00e9centralis\u00e9e tuniso-fran\u00e7aise de 2019. \u2013 T\u00e9l\u00e9charger Circulaire\" \/>\n<meta property=\"og:url\" content=\"http:\/\/www.collectiviteslocales.gov.tn\/2019\/03\/11\/\u0628\u0640\u0640\u0640\u0640\u0640\u0640\u0640\u0640\u0640\u0644\u0627\u063a-\u0641\u062a\u062d-\u0628\u0627\u0628-\u0627\u0644\u062a\u0631\u0634\u062d\u0627\u062a-\u0644\u062a\u0642\u062f\u064a\/\" \/>\n<meta property=\"og:site_name\" content=\"\u0628\u0648\u0627\u0628\u0629 \u0627\u0644\u062c\u0645\u0627\u0639\u0627\u062a \u0627\u0644\u0645\u062d\u0644\u064a\u0629\" \/>\n<meta property=\"article:published_time\" content=\"2019-03-14T07:56:08+00:00\" \/>\n<meta name=\"twitter:card\" content=\"summary_large_image\" \/>\n<script type=\"application\/ld+json\" class=\"yoast-schema-graph\">{\"@context\":\"https:\/\/schema.org\",\"@graph\":[{\"@type\":\"WebSite\",\"@id\":\"http:\/\/www.collectiviteslocales.gov.tn\/#website\",\"url\":\"http:\/\/www.collectiviteslocales.gov.tn\/\",\"name\":\"\\u0628\\u0648\\u0627\\u0628\\u0629 \\u0627\\u0644\\u062c\\u0645\\u0627\\u0639\\u0627\\u062a \\u0627\\u0644\\u0645\\u062d\\u0644\\u064a\\u0629\",\"description\":\"\\u0628\\u0648\\u0627\\u0628\\u0629 \\u0627\\u0644\\u062c\\u0645\\u0627\\u0639\\u0627\\u062a \\u0627\\u0644\\u0645\\u062d\\u0644\\u064a\\u0629\",\"potentialAction\":[{\"@type\":\"SearchAction\",\"target\":\"http:\/\/www.collectiviteslocales.gov.tn\/?s={search_term_string}\",\"query-input\":\"required name=search_term_string\"}],\"inLanguage\":\"fr-FR\"},{\"@type\":\"WebPage\",\"@id\":\"http:\/\/www.collectiviteslocales.gov.tn\/2019\/03\/11\/%d8%a8%d9%80%d9%80%d9%80%d9%80%d9%80%d9%80%d9%80%d9%80%d9%80%d9%84%d8%a7%d8%ba-%d9%81%d8%aa%d8%ad-%d8%a8%d8%a7%d8%a8-%d8%a7%d9%84%d8%aa%d8%b1%d8%b4%d8%ad%d8%a7%d8%aa-%d9%84%d8%aa%d9%82%d8%af%d9%8a\/#webpage\",\"url\":\"http:\/\/www.collectiviteslocales.gov.tn\/2019\/03\/11\/%d8%a8%d9%80%d9%80%d9%80%d9%80%d9%80%d9%80%d9%80%d9%80%d9%80%d9%84%d8%a7%d8%ba-%d9%81%d8%aa%d8%ad-%d8%a8%d8%a7%d8%a8-%d8%a7%d9%84%d8%aa%d8%b1%d8%b4%d8%ad%d8%a7%d8%aa-%d9%84%d8%aa%d9%82%d8%af%d9%8a\/\",\"name\":\"Circulaire : L'ouverture des candidatures aux projets des collectivit\\u00e9s locales tunisiennes - \\u0628\\u0648\\u0627\\u0628\\u0629 \\u0627\\u0644\\u062c\\u0645\\u0627\\u0639\\u0627\\u062a \\u0627\\u0644\\u0645\\u062d\\u0644\\u064a\\u0629\",\"isPartOf\":{\"@id\":\"http:\/\/www.collectiviteslocales.gov.tn\/#website\"},\"datePublished\":\"2019-03-14T07:56:08+00:00\",\"dateModified\":\"2019-03-14T07:56:08+00:00\",\"author\":{\"@id\":\"http:\/\/www.collectiviteslocales.gov.tn\/#\/schema\/person\/288a96b73fac82b3eb405cfcd56ff3ca\"},\"breadcrumb\":{\"@id\":\"http:\/\/www.collectiviteslocales.gov.tn\/2019\/03\/11\/%d8%a8%d9%80%d9%80%d9%80%d9%80%d9%80%d9%80%d9%80%d9%80%d9%80%d9%84%d8%a7%d8%ba-%d9%81%d8%aa%d8%ad-%d8%a8%d8%a7%d8%a8-%d8%a7%d9%84%d8%aa%d8%b1%d8%b4%d8%ad%d8%a7%d8%aa-%d9%84%d8%aa%d9%82%d8%af%d9%8a\/#breadcrumb\"},\"inLanguage\":\"fr-FR\",\"potentialAction\":[{\"@type\":\"ReadAction\",\"target\":[\"http:\/\/www.collectiviteslocales.gov.tn\/2019\/03\/11\/%d8%a8%d9%80%d9%80%d9%80%d9%80%d9%80%d9%80%d9%80%d9%80%d9%80%d9%84%d8%a7%d8%ba-%d9%81%d8%aa%d8%ad-%d8%a8%d8%a7%d8%a8-%d8%a7%d9%84%d8%aa%d8%b1%d8%b4%d8%ad%d8%a7%d8%aa-%d9%84%d8%aa%d9%82%d8%af%d9%8a\/\"]}]},{\"@type\":\"BreadcrumbList\",\"@id\":\"http:\/\/www.collectiviteslocales.gov.tn\/2019\/03\/11\/%d8%a8%d9%80%d9%80%d9%80%d9%80%d9%80%d9%80%d9%80%d9%80%d9%80%d9%84%d8%a7%d8%ba-%d9%81%d8%aa%d8%ad-%d8%a8%d8%a7%d8%a8-%d8%a7%d9%84%d8%aa%d8%b1%d8%b4%d8%ad%d8%a7%d8%aa-%d9%84%d8%aa%d9%82%d8%af%d9%8a\/#breadcrumb\",\"itemListElement\":[{\"@type\":\"ListItem\",\"position\":1,\"item\":{\"@type\":\"WebPage\",\"@id\":\"http:\/\/www.collectiviteslocales.gov.tn\/\",\"url\":\"http:\/\/www.collectiviteslocales.gov.tn\/\",\"name\":\"Accueil\"}},{\"@type\":\"ListItem\",\"position\":2,\"item\":{\"@id\":\"http:\/\/www.collectiviteslocales.gov.tn\/2019\/03\/11\/%d8%a8%d9%80%d9%80%d9%80%d9%80%d9%80%d9%80%d9%80%d9%80%d9%80%d9%84%d8%a7%d8%ba-%d9%81%d8%aa%d8%ad-%d8%a8%d8%a7%d8%a8-%d8%a7%d9%84%d8%aa%d8%b1%d8%b4%d8%ad%d8%a7%d8%aa-%d9%84%d8%aa%d9%82%d8%af%d9%8a\/#webpage\"}}]},{\"@type\":\"Person\",\"@id\":\"http:\/\/www.collectiviteslocales.gov.tn\/#\/schema\/person\/288a96b73fac82b3eb405cfcd56ff3ca\",\"name\":\"clweb\"}]}<\/script>\n<!-- \/ Yoast SEO plugin. -->","_links":{"self":[{"href":"http:\/\/www.collectiviteslocales.gov.tn\/fr\/wp-json\/wp\/v2\/posts\/2035"}],"collection":[{"href":"http:\/\/www.collectiviteslocales.gov.tn\/fr\/wp-json\/wp\/v2\/posts"}],"about":[{"href":"http:\/\/www.collectiviteslocales.gov.tn\/fr\/wp-json\/wp\/v2\/types\/post"}],"author":[{"embeddable":true,"href":"http:\/\/www.collectiviteslocales.gov.tn\/fr\/wp-json\/wp\/v2\/users\/1"}],"replies":[{"embeddable":true,"href":"http:\/\/www.collectiviteslocales.gov.tn\/fr\/wp-json\/wp\/v2\/comments?post=2035"}],"version-history":[{"count":3,"href":"http:\/\/www.collectiviteslocales.gov.tn\/fr\/wp-json\/wp\/v2\/posts\/2035\/revisions"}],"predecessor-version":[{"id":2056,"href":"http:\/\/www.collectiviteslocales.gov.tn\/fr\/wp-json\/wp\/v2\/posts\/2035\/revisions\/2056"}],"wp:attachment":[{"href":"http:\/\/www.collectiviteslocales.gov.tn\/fr\/wp-json\/wp\/v2\/media?parent=2035"}],"wp:term":[{"taxonomy":"category","embeddable":true,"href":"http:\/\/www.collectiviteslocales.gov.tn\/fr\/wp-json\/wp\/v2\/categories?post=2035"},{"taxonomy":"post_tag","embeddable":true,"href":"http:\/\/www.collectiviteslocales.gov.tn\/fr\/wp-json\/wp\/v2\/tags?post=2035"}],"curies":[{"name":"wp","href":"https:\/\/api.w.org\/{rel}","templated":true}]}}