{"id":2108,"date":"2019-03-14T10:26:12","date_gmt":"2019-03-14T09:26:12","guid":{"rendered":"http:\/\/www.collectiviteslocales.gov.tn\/?p=2108"},"modified":"2019-03-14T10:26:12","modified_gmt":"2019-03-14T09:26:12","slug":"arrete-du-ministre-de-linterieur-et-du-ministre-des-finances-du-03-aout-2015","status":"publish","type":"post","link":"http:\/\/www.collectiviteslocales.gov.tn\/fr\/2019\/03\/14\/arrete-du-ministre-de-linterieur-et-du-ministre-des-finances-du-03-aout-2015\/","title":{"rendered":"Arr\u00eat\u00e9 du ministre de l\u2019int\u00e9rieur et du ministre des finances du 03 Ao\u00fbt 2015"},"content":{"rendered":"<p>Arr\u00eat\u00e9 du ministre de l\u2019int\u00e9rieur et du ministre des finances du 03 Ao\u00fbt 2015, fixant les modalit\u00e9s de calcul des subventions globales non affect\u00e9es mentionn\u00e9es \u00e0 l\u2019article 6 du d\u00e9cret 2014-3505 du 30 septembre 2014. <a href=\"http:\/\/www.collectiviteslocales.gov.tn\/wp-content\/uploads\/2019\/03\/Arr\u00eat\u00e9-du-ministre-de-lint\u00e9rieur-et-du-ministre-des-finances-du-3-ao\u00fbt-2015.pdf\">T\u00e9l\u00e9charger<\/a><\/p>\n","protected":false},"excerpt":{"rendered":"<p>Arr\u00eat\u00e9 du ministre de l\u2019int\u00e9rieur et du ministre des finances du 03 Ao\u00fbt 2015, fixant les modalit\u00e9s de calcul des subventions globales non affect\u00e9es mentionn\u00e9es \u00e0 l\u2019article 6 du d\u00e9cret 2014-3505 du 30 septembre 2014. T\u00e9l\u00e9charger<\/p>\n","protected":false},"author":1,"featured_media":0,"comment_status":"closed","ping_status":"closed","sticky":false,"template":"","format":"standard","meta":[],"categories":[82],"tags":[],"yoast_head":"<!-- This site is optimized with the Yoast SEO plugin v16.3 - https:\/\/yoast.com\/wordpress\/plugins\/seo\/ -->\n<title>Arr\u00eat\u00e9 du ministre de l\u2019int\u00e9rieur et du ministre des finances du 03 Ao\u00fbt 2015 - \u0628\u0648\u0627\u0628\u0629 \u0627\u0644\u062c\u0645\u0627\u0639\u0627\u062a \u0627\u0644\u0645\u062d\u0644\u064a\u0629<\/title>\n<meta name=\"robots\" content=\"index, follow, max-snippet:-1, max-image-preview:large, max-video-preview:-1\" \/>\n<link rel=\"canonical\" href=\"http:\/\/www.collectiviteslocales.gov.tn\/fr\/2019\/03\/14\/arrete-du-ministre-de-linterieur-et-du-ministre-des-finances-du-03-aout-2015\/\" \/>\n<meta property=\"og:locale\" content=\"fr_FR\" \/>\n<meta property=\"og:type\" content=\"article\" \/>\n<meta property=\"og:title\" content=\"Arr\u00eat\u00e9 du ministre de l\u2019int\u00e9rieur et du ministre des finances du 03 Ao\u00fbt 2015 - \u0628\u0648\u0627\u0628\u0629 \u0627\u0644\u062c\u0645\u0627\u0639\u0627\u062a \u0627\u0644\u0645\u062d\u0644\u064a\u0629\" \/>\n<meta property=\"og:description\" content=\"Arr\u00eat\u00e9 du ministre de l\u2019int\u00e9rieur et du ministre des finances du 03 Ao\u00fbt 2015, fixant les modalit\u00e9s de calcul des subventions globales non affect\u00e9es mentionn\u00e9es \u00e0 l\u2019article 6 du d\u00e9cret 2014-3505 du 30 septembre 2014. T\u00e9l\u00e9charger\" \/>\n<meta property=\"og:url\" content=\"http:\/\/www.collectiviteslocales.gov.tn\/fr\/2019\/03\/14\/arrete-du-ministre-de-linterieur-et-du-ministre-des-finances-du-03-aout-2015\/\" \/>\n<meta property=\"og:site_name\" content=\"\u0628\u0648\u0627\u0628\u0629 \u0627\u0644\u062c\u0645\u0627\u0639\u0627\u062a \u0627\u0644\u0645\u062d\u0644\u064a\u0629\" \/>\n<meta property=\"article:published_time\" content=\"2019-03-14T09:26:12+00:00\" \/>\n<meta name=\"twitter:card\" content=\"summary_large_image\" \/>\n<script type=\"application\/ld+json\" class=\"yoast-schema-graph\">{\"@context\":\"https:\/\/schema.org\",\"@graph\":[{\"@type\":\"WebSite\",\"@id\":\"http:\/\/www.collectiviteslocales.gov.tn\/#website\",\"url\":\"http:\/\/www.collectiviteslocales.gov.tn\/\",\"name\":\"\\u0628\\u0648\\u0627\\u0628\\u0629 \\u0627\\u0644\\u062c\\u0645\\u0627\\u0639\\u0627\\u062a \\u0627\\u0644\\u0645\\u062d\\u0644\\u064a\\u0629\",\"description\":\"\\u0628\\u0648\\u0627\\u0628\\u0629 \\u0627\\u0644\\u062c\\u0645\\u0627\\u0639\\u0627\\u062a \\u0627\\u0644\\u0645\\u062d\\u0644\\u064a\\u0629\",\"potentialAction\":[{\"@type\":\"SearchAction\",\"target\":\"http:\/\/www.collectiviteslocales.gov.tn\/?s={search_term_string}\",\"query-input\":\"required name=search_term_string\"}],\"inLanguage\":\"fr-FR\"},{\"@type\":\"WebPage\",\"@id\":\"http:\/\/www.collectiviteslocales.gov.tn\/fr\/2019\/03\/14\/arrete-du-ministre-de-linterieur-et-du-ministre-des-finances-du-03-aout-2015\/#webpage\",\"url\":\"http:\/\/www.collectiviteslocales.gov.tn\/fr\/2019\/03\/14\/arrete-du-ministre-de-linterieur-et-du-ministre-des-finances-du-03-aout-2015\/\",\"name\":\"Arr\\u00eat\\u00e9 du ministre de l\\u2019int\\u00e9rieur et du ministre des finances du 03 Ao\\u00fbt 2015 - \\u0628\\u0648\\u0627\\u0628\\u0629 \\u0627\\u0644\\u062c\\u0645\\u0627\\u0639\\u0627\\u062a \\u0627\\u0644\\u0645\\u062d\\u0644\\u064a\\u0629\",\"isPartOf\":{\"@id\":\"http:\/\/www.collectiviteslocales.gov.tn\/#website\"},\"datePublished\":\"2019-03-14T09:26:12+00:00\",\"dateModified\":\"2019-03-14T09:26:12+00:00\",\"author\":{\"@id\":\"http:\/\/www.collectiviteslocales.gov.tn\/#\/schema\/person\/288a96b73fac82b3eb405cfcd56ff3ca\"},\"breadcrumb\":{\"@id\":\"http:\/\/www.collectiviteslocales.gov.tn\/fr\/2019\/03\/14\/arrete-du-ministre-de-linterieur-et-du-ministre-des-finances-du-03-aout-2015\/#breadcrumb\"},\"inLanguage\":\"fr-FR\",\"potentialAction\":[{\"@type\":\"ReadAction\",\"target\":[\"http:\/\/www.collectiviteslocales.gov.tn\/fr\/2019\/03\/14\/arrete-du-ministre-de-linterieur-et-du-ministre-des-finances-du-03-aout-2015\/\"]}]},{\"@type\":\"BreadcrumbList\",\"@id\":\"http:\/\/www.collectiviteslocales.gov.tn\/fr\/2019\/03\/14\/arrete-du-ministre-de-linterieur-et-du-ministre-des-finances-du-03-aout-2015\/#breadcrumb\",\"itemListElement\":[{\"@type\":\"ListItem\",\"position\":1,\"item\":{\"@type\":\"WebPage\",\"@id\":\"http:\/\/www.collectiviteslocales.gov.tn\/\",\"url\":\"http:\/\/www.collectiviteslocales.gov.tn\/\",\"name\":\"Accueil\"}},{\"@type\":\"ListItem\",\"position\":2,\"item\":{\"@id\":\"http:\/\/www.collectiviteslocales.gov.tn\/fr\/2019\/03\/14\/arrete-du-ministre-de-linterieur-et-du-ministre-des-finances-du-03-aout-2015\/#webpage\"}}]},{\"@type\":\"Person\",\"@id\":\"http:\/\/www.collectiviteslocales.gov.tn\/#\/schema\/person\/288a96b73fac82b3eb405cfcd56ff3ca\",\"name\":\"clweb\"}]}<\/script>\n<!-- \/ Yoast SEO plugin. -->","_links":{"self":[{"href":"http:\/\/www.collectiviteslocales.gov.tn\/fr\/wp-json\/wp\/v2\/posts\/2108"}],"collection":[{"href":"http:\/\/www.collectiviteslocales.gov.tn\/fr\/wp-json\/wp\/v2\/posts"}],"about":[{"href":"http:\/\/www.collectiviteslocales.gov.tn\/fr\/wp-json\/wp\/v2\/types\/post"}],"author":[{"embeddable":true,"href":"http:\/\/www.collectiviteslocales.gov.tn\/fr\/wp-json\/wp\/v2\/users\/1"}],"replies":[{"embeddable":true,"href":"http:\/\/www.collectiviteslocales.gov.tn\/fr\/wp-json\/wp\/v2\/comments?post=2108"}],"version-history":[{"count":2,"href":"http:\/\/www.collectiviteslocales.gov.tn\/fr\/wp-json\/wp\/v2\/posts\/2108\/revisions"}],"predecessor-version":[{"id":2121,"href":"http:\/\/www.collectiviteslocales.gov.tn\/fr\/wp-json\/wp\/v2\/posts\/2108\/revisions\/2121"}],"wp:attachment":[{"href":"http:\/\/www.collectiviteslocales.gov.tn\/fr\/wp-json\/wp\/v2\/media?parent=2108"}],"wp:term":[{"taxonomy":"category","embeddable":true,"href":"http:\/\/www.collectiviteslocales.gov.tn\/fr\/wp-json\/wp\/v2\/categories?post=2108"},{"taxonomy":"post_tag","embeddable":true,"href":"http:\/\/www.collectiviteslocales.gov.tn\/fr\/wp-json\/wp\/v2\/tags?post=2108"}],"curies":[{"name":"wp","href":"https:\/\/api.w.org\/{rel}","templated":true}]}}