{"id":2109,"date":"2019-03-14T10:27:15","date_gmt":"2019-03-14T09:27:15","guid":{"rendered":"http:\/\/www.collectiviteslocales.gov.tn\/?p=2109"},"modified":"2019-03-14T10:27:15","modified_gmt":"2019-03-14T09:27:15","slug":"arrete-du-ministre-des-affaires-locales-et-de-lenvironnement-et-du-ministre-des-finances-du-14-novembre-2017","status":"publish","type":"post","link":"http:\/\/www.collectiviteslocales.gov.tn\/fr\/2019\/03\/14\/arrete-du-ministre-des-affaires-locales-et-de-lenvironnement-et-du-ministre-des-finances-du-14-novembre-2017\/","title":{"rendered":"Arr\u00eat\u00e9 du ministre des affaires locales et de l\u2019environnement et du ministre des finances du 14 novembre 2017"},"content":{"rendered":"<p>Arr\u00eat\u00e9 du ministre des affaires locales et de l\u2019environnement et du ministre des finances du 14 novembre 2017, modifiant et compl\u00e9tant l\u2019arr\u00eat\u00e9 de ministre de l\u2019int\u00e9rieur et de finances du 13 juillet 2015, fixant les conditions minimales requises pour le transfert des subventions annuelles par la caisse des pr\u00eats et de soutien des collectivit\u00e9s locales aux collectivit\u00e9s locales .<a href=\"\/wp-content\/uploads\/2017\/01\/arrete-ministre-affaires-locales-environnement-ministre-finances-14-novembre-2017.pdf\" target=\"_blank\">T\u00e9l\u00e9charger<\/a><\/p>\n","protected":false},"excerpt":{"rendered":"<p>Arr\u00eat\u00e9 du ministre des affaires locales et de l\u2019environnement et du ministre des finances du 14 novembre 2017, modifiant et compl\u00e9tant l\u2019arr\u00eat\u00e9 de ministre de l\u2019int\u00e9rieur et de finances du 13 juillet 2015, fixant les conditions minimales requises pour le transfert des subventions annuelles par la caisse des pr\u00eats et de soutien des collectivit\u00e9s locales &hellip;<\/p>\n","protected":false},"author":1,"featured_media":0,"comment_status":"closed","ping_status":"closed","sticky":false,"template":"","format":"standard","meta":[],"categories":[82],"tags":[],"yoast_head":"<!-- This site is optimized with the Yoast SEO plugin v16.3 - https:\/\/yoast.com\/wordpress\/plugins\/seo\/ -->\n<title>Arr\u00eat\u00e9 du ministre des affaires locales et de l\u2019environnement et du ministre des finances du 14 novembre 2017 - \u0628\u0648\u0627\u0628\u0629 \u0627\u0644\u062c\u0645\u0627\u0639\u0627\u062a \u0627\u0644\u0645\u062d\u0644\u064a\u0629<\/title>\n<meta name=\"robots\" content=\"index, follow, max-snippet:-1, max-image-preview:large, max-video-preview:-1\" \/>\n<link rel=\"canonical\" href=\"http:\/\/www.collectiviteslocales.gov.tn\/fr\/2019\/03\/14\/arrete-du-ministre-des-affaires-locales-et-de-lenvironnement-et-du-ministre-des-finances-du-14-novembre-2017\/\" \/>\n<meta property=\"og:locale\" content=\"fr_FR\" \/>\n<meta property=\"og:type\" content=\"article\" \/>\n<meta property=\"og:title\" content=\"Arr\u00eat\u00e9 du ministre des affaires locales et de l\u2019environnement et du ministre des finances du 14 novembre 2017 - \u0628\u0648\u0627\u0628\u0629 \u0627\u0644\u062c\u0645\u0627\u0639\u0627\u062a \u0627\u0644\u0645\u062d\u0644\u064a\u0629\" \/>\n<meta property=\"og:description\" content=\"Arr\u00eat\u00e9 du ministre des affaires locales et de l\u2019environnement et du ministre des finances du 14 novembre 2017, modifiant et compl\u00e9tant l\u2019arr\u00eat\u00e9 de ministre de l\u2019int\u00e9rieur et de finances du 13 juillet 2015, fixant les conditions minimales requises pour le transfert des subventions annuelles par la caisse des pr\u00eats et de soutien des collectivit\u00e9s locales &hellip;\" \/>\n<meta property=\"og:url\" content=\"http:\/\/www.collectiviteslocales.gov.tn\/fr\/2019\/03\/14\/arrete-du-ministre-des-affaires-locales-et-de-lenvironnement-et-du-ministre-des-finances-du-14-novembre-2017\/\" \/>\n<meta property=\"og:site_name\" content=\"\u0628\u0648\u0627\u0628\u0629 \u0627\u0644\u062c\u0645\u0627\u0639\u0627\u062a \u0627\u0644\u0645\u062d\u0644\u064a\u0629\" \/>\n<meta property=\"article:published_time\" content=\"2019-03-14T09:27:15+00:00\" \/>\n<meta name=\"twitter:card\" content=\"summary_large_image\" \/>\n<script type=\"application\/ld+json\" class=\"yoast-schema-graph\">{\"@context\":\"https:\/\/schema.org\",\"@graph\":[{\"@type\":\"WebSite\",\"@id\":\"http:\/\/www.collectiviteslocales.gov.tn\/#website\",\"url\":\"http:\/\/www.collectiviteslocales.gov.tn\/\",\"name\":\"\\u0628\\u0648\\u0627\\u0628\\u0629 \\u0627\\u0644\\u062c\\u0645\\u0627\\u0639\\u0627\\u062a \\u0627\\u0644\\u0645\\u062d\\u0644\\u064a\\u0629\",\"description\":\"\\u0628\\u0648\\u0627\\u0628\\u0629 \\u0627\\u0644\\u062c\\u0645\\u0627\\u0639\\u0627\\u062a \\u0627\\u0644\\u0645\\u062d\\u0644\\u064a\\u0629\",\"potentialAction\":[{\"@type\":\"SearchAction\",\"target\":\"http:\/\/www.collectiviteslocales.gov.tn\/?s={search_term_string}\",\"query-input\":\"required name=search_term_string\"}],\"inLanguage\":\"fr-FR\"},{\"@type\":\"WebPage\",\"@id\":\"http:\/\/www.collectiviteslocales.gov.tn\/fr\/2019\/03\/14\/arrete-du-ministre-des-affaires-locales-et-de-lenvironnement-et-du-ministre-des-finances-du-14-novembre-2017\/#webpage\",\"url\":\"http:\/\/www.collectiviteslocales.gov.tn\/fr\/2019\/03\/14\/arrete-du-ministre-des-affaires-locales-et-de-lenvironnement-et-du-ministre-des-finances-du-14-novembre-2017\/\",\"name\":\"Arr\\u00eat\\u00e9 du ministre des affaires locales et de l\\u2019environnement et du ministre des finances du 14 novembre 2017 - \\u0628\\u0648\\u0627\\u0628\\u0629 \\u0627\\u0644\\u062c\\u0645\\u0627\\u0639\\u0627\\u062a \\u0627\\u0644\\u0645\\u062d\\u0644\\u064a\\u0629\",\"isPartOf\":{\"@id\":\"http:\/\/www.collectiviteslocales.gov.tn\/#website\"},\"datePublished\":\"2019-03-14T09:27:15+00:00\",\"dateModified\":\"2019-03-14T09:27:15+00:00\",\"author\":{\"@id\":\"http:\/\/www.collectiviteslocales.gov.tn\/#\/schema\/person\/288a96b73fac82b3eb405cfcd56ff3ca\"},\"breadcrumb\":{\"@id\":\"http:\/\/www.collectiviteslocales.gov.tn\/fr\/2019\/03\/14\/arrete-du-ministre-des-affaires-locales-et-de-lenvironnement-et-du-ministre-des-finances-du-14-novembre-2017\/#breadcrumb\"},\"inLanguage\":\"fr-FR\",\"potentialAction\":[{\"@type\":\"ReadAction\",\"target\":[\"http:\/\/www.collectiviteslocales.gov.tn\/fr\/2019\/03\/14\/arrete-du-ministre-des-affaires-locales-et-de-lenvironnement-et-du-ministre-des-finances-du-14-novembre-2017\/\"]}]},{\"@type\":\"BreadcrumbList\",\"@id\":\"http:\/\/www.collectiviteslocales.gov.tn\/fr\/2019\/03\/14\/arrete-du-ministre-des-affaires-locales-et-de-lenvironnement-et-du-ministre-des-finances-du-14-novembre-2017\/#breadcrumb\",\"itemListElement\":[{\"@type\":\"ListItem\",\"position\":1,\"item\":{\"@type\":\"WebPage\",\"@id\":\"http:\/\/www.collectiviteslocales.gov.tn\/\",\"url\":\"http:\/\/www.collectiviteslocales.gov.tn\/\",\"name\":\"Accueil\"}},{\"@type\":\"ListItem\",\"position\":2,\"item\":{\"@id\":\"http:\/\/www.collectiviteslocales.gov.tn\/fr\/2019\/03\/14\/arrete-du-ministre-des-affaires-locales-et-de-lenvironnement-et-du-ministre-des-finances-du-14-novembre-2017\/#webpage\"}}]},{\"@type\":\"Person\",\"@id\":\"http:\/\/www.collectiviteslocales.gov.tn\/#\/schema\/person\/288a96b73fac82b3eb405cfcd56ff3ca\",\"name\":\"clweb\"}]}<\/script>\n<!-- \/ Yoast SEO plugin. -->","_links":{"self":[{"href":"http:\/\/www.collectiviteslocales.gov.tn\/fr\/wp-json\/wp\/v2\/posts\/2109"}],"collection":[{"href":"http:\/\/www.collectiviteslocales.gov.tn\/fr\/wp-json\/wp\/v2\/posts"}],"about":[{"href":"http:\/\/www.collectiviteslocales.gov.tn\/fr\/wp-json\/wp\/v2\/types\/post"}],"author":[{"embeddable":true,"href":"http:\/\/www.collectiviteslocales.gov.tn\/fr\/wp-json\/wp\/v2\/users\/1"}],"replies":[{"embeddable":true,"href":"http:\/\/www.collectiviteslocales.gov.tn\/fr\/wp-json\/wp\/v2\/comments?post=2109"}],"version-history":[{"count":1,"href":"http:\/\/www.collectiviteslocales.gov.tn\/fr\/wp-json\/wp\/v2\/posts\/2109\/revisions"}],"predecessor-version":[{"id":2122,"href":"http:\/\/www.collectiviteslocales.gov.tn\/fr\/wp-json\/wp\/v2\/posts\/2109\/revisions\/2122"}],"wp:attachment":[{"href":"http:\/\/www.collectiviteslocales.gov.tn\/fr\/wp-json\/wp\/v2\/media?parent=2109"}],"wp:term":[{"taxonomy":"category","embeddable":true,"href":"http:\/\/www.collectiviteslocales.gov.tn\/fr\/wp-json\/wp\/v2\/categories?post=2109"},{"taxonomy":"post_tag","embeddable":true,"href":"http:\/\/www.collectiviteslocales.gov.tn\/fr\/wp-json\/wp\/v2\/tags?post=2109"}],"curies":[{"name":"wp","href":"https:\/\/api.w.org\/{rel}","templated":true}]}}