{"id":2372,"date":"2019-04-03T16:49:54","date_gmt":"2019-04-03T15:49:54","guid":{"rendered":"http:\/\/www.collectiviteslocales.gov.tn\/?p=2372"},"modified":"2019-04-05T15:01:40","modified_gmt":"2019-04-05T14:01:40","slug":"protection-de-lenvironnement-et-la-gestion-des-dechets","status":"publish","type":"post","link":"http:\/\/www.collectiviteslocales.gov.tn\/fr\/2019\/04\/03\/protection-de-lenvironnement-et-la-gestion-des-dechets\/","title":{"rendered":"Protection de l\u2019environnement et la gestion des dechets"},"content":{"rendered":"<h3 class=\"title_gov\">Gestion durable des d\u00e9chets solides<\/h3>\n<ol>\n<li>Rapport sur la gestion des d\u00e9chets solides en Tunisie (ANGED\/KFW)(SWEEPNET) \u2013 Avril 2014\u00a0\u00a0<a href=\"http:\/\/www.collectiviteslocales.gov.tn\/wp-content\/uploads\/2019\/04\/rapportsweepnet.pdf\">T\u00e9l\u00e9charger<\/a><\/li>\n<li>Gestion int\u00e9gr\u00e9e des d\u00e9chets municipaux dans la vall\u00e9e de la Medjerda- \u00e9tude de faisabilit\u00e9- rapport phase 1- version finale- tome 1\u00a0 (ANGED\/KFW) \u2013 juillet 2010\u00a0<a href=\"http:\/\/www.collectiviteslocales.gov.tn\/wp-content\/uploads\/2019\/04\/11849Medjerda-RapportPhase1-final16072010.pdf\">T\u00e9l\u00e9charger<\/a><\/li>\n<li>Gestion int\u00e9gr\u00e9e des d\u00e9chets municipaux dans la vall\u00e9e de la Medjerda- \u00e9tude de faisabilit\u00e9- rapport phase 2- version finale-(ANGED\/KFW) \u2013 Aout 2011\u00a0<a href=\"http:\/\/www.collectiviteslocales.gov.tn\/wp-content\/uploads\/2019\/04\/11849Medjerda-RapportPhase2-final03082011.pdf\">T\u00e9l\u00e9charger<\/a><\/li>\n<li>Gestion int\u00e9gr\u00e9e des d\u00e9chets municipaux dans la vall\u00e9e de la Medjerda- \u00e9tude de faisabilit\u00e9- rapport phase 3- version finale (ANGED\/KFW) \u2013 d\u00e9cembre 2012\u00a0<a href=\"http:\/\/www.collectiviteslocales.gov.tn\/wp-content\/uploads\/2019\/04\/11849Medjerda-Rapport%20Phase%203-final12122012.pdf\">T\u00e9l\u00e9charger<\/a><\/li>\n<\/ol>\n<p>&nbsp;<\/p>\n<h3 class=\"title_gov\">Participation du secteur priv\u00e9<\/h3>\n<ol>\n<li>Etude de la concession de la gestion des d\u00e9chets m\u00e9nagers et assimil\u00e9s en Tunisie- version finale- (ANGED\/KFW) \u2013 fevrier 2017\u00a0<a href=\"http:\/\/www.collectiviteslocales.gov.tn\/wp-content\/uploads\/2019\/04\/11981-EtudeConcession-final-01.03.2017.pdf\">T\u00e9l\u00e9charger<\/a><\/li>\n<li>Les enjeux des sources de financement dans les projets de valorisation et d\u2019\u00e9limination des DMA en Tunisie (ANGED\/KFW)- avril 2018\u00a0<a href=\"http:\/\/www.collectiviteslocales.gov.tn\/wp-content\/uploads\/2019\/04\/11981-EtudeConcession-final-01.03.2017.pdf\">T\u00e9l\u00e9charger<\/a><\/li>\n<li>Etude relative \u00e0 l\u2019\u00e9laboration d\u2019une strat\u00e9gie de la participation du secteur priv\u00e9 \u00e0 l\u2019investissement et \u00e0 l\u2019exploitation dans le domaine des d\u00e9chets solides en Tunisie \u2013 rapport 5 (1er Minist\u00e8re) \u2013 novembre 2007\u00a0<a href=\"http:\/\/www.collectiviteslocales.gov.tn\/wp-content\/uploads\/2019\/04\/etude-strategie-participation-secteur-priv%C3%A9-rapport-5.pdf\">T\u00e9l\u00e9charger<\/a><\/li>\n<\/ol>\n<h3 class=\"title_gov\">D\u00e9veloppement durable<\/h3>\n<ol>\n<li>Etude pour l\u2019\u00e9laboration de la strat\u00e9gie nationale Economie verte en Tunisie \u2013rapport de synth\u00e8se (Minist\u00e8re des Affaires Locales et de l\u2019Environnement)- 2016\u00a0<a href=\"http:\/\/www.collectiviteslocales.gov.tn\/wp-content\/uploads\/2019\/04\/Rapport-synth%C3%A9tique_SNEV.pdf\">T\u00e9l\u00e9charger<\/a><\/li>\n<li>Rapport de la strat\u00e9gie nationale de d\u00e9veloppement durable\u00a0<a href=\"http:\/\/www.collectiviteslocales.gov.tn\/wp-content\/uploads\/2019\/04\/SNDD-Rapport-version-final-impression.pdf\">T\u00e9l\u00e9charger<\/a><\/li>\n<\/ol>\n<p>&nbsp;<\/p>\n","protected":false},"excerpt":{"rendered":"<p>Gestion durable des d\u00e9chets solides Rapport sur la gestion des d\u00e9chets solides en Tunisie (ANGED\/KFW)(SWEEPNET) \u2013 Avril 2014\u00a0\u00a0T\u00e9l\u00e9charger Gestion int\u00e9gr\u00e9e des d\u00e9chets municipaux dans la vall\u00e9e de la Medjerda- \u00e9tude de faisabilit\u00e9- rapport phase 1- version finale- tome 1\u00a0 (ANGED\/KFW) \u2013 juillet 2010\u00a0T\u00e9l\u00e9charger Gestion int\u00e9gr\u00e9e des d\u00e9chets municipaux dans la vall\u00e9e de la Medjerda- \u00e9tude &hellip;<\/p>\n","protected":false},"author":3,"featured_media":0,"comment_status":"closed","ping_status":"closed","sticky":false,"template":"","format":"standard","meta":[],"categories":[1],"tags":[],"yoast_head":"<!-- This site is optimized with the Yoast SEO plugin v16.3 - https:\/\/yoast.com\/wordpress\/plugins\/seo\/ -->\n<title>Protection de l\u2019environnement et la gestion des dechets - \u0628\u0648\u0627\u0628\u0629 \u0627\u0644\u062c\u0645\u0627\u0639\u0627\u062a \u0627\u0644\u0645\u062d\u0644\u064a\u0629<\/title>\n<meta name=\"robots\" content=\"index, follow, max-snippet:-1, max-image-preview:large, max-video-preview:-1\" \/>\n<link rel=\"canonical\" href=\"http:\/\/www.collectiviteslocales.gov.tn\/fr\/2019\/04\/03\/\u0627\u0644\u062f\u0631\u0627\u0633\u0627\u062a-\u0627\u0644\u0645\u062a\u0639\u0644\u0642\u0629-\u0628\u0627\u0644\u062a\u0646\u0645\u064a\u0629-\u0627\u0644\u0645\u0633\u062a\u062f\u0627\u0645\/\" \/>\n<meta property=\"og:locale\" content=\"fr_FR\" \/>\n<meta property=\"og:type\" content=\"article\" \/>\n<meta property=\"og:title\" content=\"Protection de l\u2019environnement et la gestion des dechets - \u0628\u0648\u0627\u0628\u0629 \u0627\u0644\u062c\u0645\u0627\u0639\u0627\u062a \u0627\u0644\u0645\u062d\u0644\u064a\u0629\" \/>\n<meta property=\"og:description\" content=\"Gestion durable des d\u00e9chets solides Rapport sur la gestion des d\u00e9chets solides en Tunisie (ANGED\/KFW)(SWEEPNET) \u2013 Avril 2014\u00a0\u00a0T\u00e9l\u00e9charger Gestion int\u00e9gr\u00e9e des d\u00e9chets municipaux dans la vall\u00e9e de la Medjerda- \u00e9tude de faisabilit\u00e9- rapport phase 1- version finale- tome 1\u00a0 (ANGED\/KFW) \u2013 juillet 2010\u00a0T\u00e9l\u00e9charger Gestion int\u00e9gr\u00e9e des d\u00e9chets municipaux dans la vall\u00e9e de la Medjerda- \u00e9tude &hellip;\" \/>\n<meta property=\"og:url\" content=\"http:\/\/www.collectiviteslocales.gov.tn\/2019\/04\/03\/\u0627\u0644\u062f\u0631\u0627\u0633\u0627\u062a-\u0627\u0644\u0645\u062a\u0639\u0644\u0642\u0629-\u0628\u0627\u0644\u062a\u0646\u0645\u064a\u0629-\u0627\u0644\u0645\u0633\u062a\u062f\u0627\u0645\/\" \/>\n<meta property=\"og:site_name\" content=\"\u0628\u0648\u0627\u0628\u0629 \u0627\u0644\u062c\u0645\u0627\u0639\u0627\u062a \u0627\u0644\u0645\u062d\u0644\u064a\u0629\" \/>\n<meta property=\"article:published_time\" content=\"2019-04-03T15:49:54+00:00\" \/>\n<meta property=\"article:modified_time\" content=\"2019-04-05T14:01:40+00:00\" \/>\n<meta name=\"twitter:card\" content=\"summary_large_image\" \/>\n<meta name=\"twitter:label1\" content=\"Dur\u00e9e de lecture est.\">\n\t<meta name=\"twitter:data1\" content=\"1 minute\">\n<script type=\"application\/ld+json\" class=\"yoast-schema-graph\">{\"@context\":\"https:\/\/schema.org\",\"@graph\":[{\"@type\":\"WebSite\",\"@id\":\"http:\/\/www.collectiviteslocales.gov.tn\/#website\",\"url\":\"http:\/\/www.collectiviteslocales.gov.tn\/\",\"name\":\"\\u0628\\u0648\\u0627\\u0628\\u0629 \\u0627\\u0644\\u062c\\u0645\\u0627\\u0639\\u0627\\u062a \\u0627\\u0644\\u0645\\u062d\\u0644\\u064a\\u0629\",\"description\":\"\\u0628\\u0648\\u0627\\u0628\\u0629 \\u0627\\u0644\\u062c\\u0645\\u0627\\u0639\\u0627\\u062a \\u0627\\u0644\\u0645\\u062d\\u0644\\u064a\\u0629\",\"potentialAction\":[{\"@type\":\"SearchAction\",\"target\":\"http:\/\/www.collectiviteslocales.gov.tn\/?s={search_term_string}\",\"query-input\":\"required name=search_term_string\"}],\"inLanguage\":\"fr-FR\"},{\"@type\":\"WebPage\",\"@id\":\"http:\/\/www.collectiviteslocales.gov.tn\/2019\/04\/03\/%d8%a7%d9%84%d8%af%d8%b1%d8%a7%d8%b3%d8%a7%d8%aa-%d8%a7%d9%84%d9%85%d8%aa%d8%b9%d9%84%d9%82%d8%a9-%d8%a8%d8%a7%d9%84%d8%aa%d9%86%d9%85%d9%8a%d8%a9-%d8%a7%d9%84%d9%85%d8%b3%d8%aa%d8%af%d8%a7%d9%85\/#webpage\",\"url\":\"http:\/\/www.collectiviteslocales.gov.tn\/2019\/04\/03\/%d8%a7%d9%84%d8%af%d8%b1%d8%a7%d8%b3%d8%a7%d8%aa-%d8%a7%d9%84%d9%85%d8%aa%d8%b9%d9%84%d9%82%d8%a9-%d8%a8%d8%a7%d9%84%d8%aa%d9%86%d9%85%d9%8a%d8%a9-%d8%a7%d9%84%d9%85%d8%b3%d8%aa%d8%af%d8%a7%d9%85\/\",\"name\":\"Protection de l\\u2019environnement et la gestion des dechets - \\u0628\\u0648\\u0627\\u0628\\u0629 \\u0627\\u0644\\u062c\\u0645\\u0627\\u0639\\u0627\\u062a \\u0627\\u0644\\u0645\\u062d\\u0644\\u064a\\u0629\",\"isPartOf\":{\"@id\":\"http:\/\/www.collectiviteslocales.gov.tn\/#website\"},\"datePublished\":\"2019-04-03T15:49:54+00:00\",\"dateModified\":\"2019-04-05T14:01:40+00:00\",\"author\":{\"@id\":\"http:\/\/www.collectiviteslocales.gov.tn\/#\/schema\/person\/94d8a265bfbc06f348fcb3675a9c315e\"},\"breadcrumb\":{\"@id\":\"http:\/\/www.collectiviteslocales.gov.tn\/2019\/04\/03\/%d8%a7%d9%84%d8%af%d8%b1%d8%a7%d8%b3%d8%a7%d8%aa-%d8%a7%d9%84%d9%85%d8%aa%d8%b9%d9%84%d9%82%d8%a9-%d8%a8%d8%a7%d9%84%d8%aa%d9%86%d9%85%d9%8a%d8%a9-%d8%a7%d9%84%d9%85%d8%b3%d8%aa%d8%af%d8%a7%d9%85\/#breadcrumb\"},\"inLanguage\":\"fr-FR\",\"potentialAction\":[{\"@type\":\"ReadAction\",\"target\":[\"http:\/\/www.collectiviteslocales.gov.tn\/2019\/04\/03\/%d8%a7%d9%84%d8%af%d8%b1%d8%a7%d8%b3%d8%a7%d8%aa-%d8%a7%d9%84%d9%85%d8%aa%d8%b9%d9%84%d9%82%d8%a9-%d8%a8%d8%a7%d9%84%d8%aa%d9%86%d9%85%d9%8a%d8%a9-%d8%a7%d9%84%d9%85%d8%b3%d8%aa%d8%af%d8%a7%d9%85\/\"]}]},{\"@type\":\"BreadcrumbList\",\"@id\":\"http:\/\/www.collectiviteslocales.gov.tn\/2019\/04\/03\/%d8%a7%d9%84%d8%af%d8%b1%d8%a7%d8%b3%d8%a7%d8%aa-%d8%a7%d9%84%d9%85%d8%aa%d8%b9%d9%84%d9%82%d8%a9-%d8%a8%d8%a7%d9%84%d8%aa%d9%86%d9%85%d9%8a%d8%a9-%d8%a7%d9%84%d9%85%d8%b3%d8%aa%d8%af%d8%a7%d9%85\/#breadcrumb\",\"itemListElement\":[{\"@type\":\"ListItem\",\"position\":1,\"item\":{\"@type\":\"WebPage\",\"@id\":\"http:\/\/www.collectiviteslocales.gov.tn\/\",\"url\":\"http:\/\/www.collectiviteslocales.gov.tn\/\",\"name\":\"Accueil\"}},{\"@type\":\"ListItem\",\"position\":2,\"item\":{\"@id\":\"http:\/\/www.collectiviteslocales.gov.tn\/2019\/04\/03\/%d8%a7%d9%84%d8%af%d8%b1%d8%a7%d8%b3%d8%a7%d8%aa-%d8%a7%d9%84%d9%85%d8%aa%d8%b9%d9%84%d9%82%d8%a9-%d8%a8%d8%a7%d9%84%d8%aa%d9%86%d9%85%d9%8a%d8%a9-%d8%a7%d9%84%d9%85%d8%b3%d8%aa%d8%af%d8%a7%d9%85\/#webpage\"}}]},{\"@type\":\"Person\",\"@id\":\"http:\/\/www.collectiviteslocales.gov.tn\/#\/schema\/person\/94d8a265bfbc06f348fcb3675a9c315e\",\"name\":\"progressweb\"}]}<\/script>\n<!-- \/ Yoast SEO plugin. -->","_links":{"self":[{"href":"http:\/\/www.collectiviteslocales.gov.tn\/fr\/wp-json\/wp\/v2\/posts\/2372"}],"collection":[{"href":"http:\/\/www.collectiviteslocales.gov.tn\/fr\/wp-json\/wp\/v2\/posts"}],"about":[{"href":"http:\/\/www.collectiviteslocales.gov.tn\/fr\/wp-json\/wp\/v2\/types\/post"}],"author":[{"embeddable":true,"href":"http:\/\/www.collectiviteslocales.gov.tn\/fr\/wp-json\/wp\/v2\/users\/3"}],"replies":[{"embeddable":true,"href":"http:\/\/www.collectiviteslocales.gov.tn\/fr\/wp-json\/wp\/v2\/comments?post=2372"}],"version-history":[{"count":19,"href":"http:\/\/www.collectiviteslocales.gov.tn\/fr\/wp-json\/wp\/v2\/posts\/2372\/revisions"}],"predecessor-version":[{"id":2396,"href":"http:\/\/www.collectiviteslocales.gov.tn\/fr\/wp-json\/wp\/v2\/posts\/2372\/revisions\/2396"}],"wp:attachment":[{"href":"http:\/\/www.collectiviteslocales.gov.tn\/fr\/wp-json\/wp\/v2\/media?parent=2372"}],"wp:term":[{"taxonomy":"category","embeddable":true,"href":"http:\/\/www.collectiviteslocales.gov.tn\/fr\/wp-json\/wp\/v2\/categories?post=2372"},{"taxonomy":"post_tag","embeddable":true,"href":"http:\/\/www.collectiviteslocales.gov.tn\/fr\/wp-json\/wp\/v2\/tags?post=2372"}],"curies":[{"name":"wp","href":"https:\/\/api.w.org\/{rel}","templated":true}]}}