{"id":2459,"date":"2019-05-22T11:39:02","date_gmt":"2019-05-22T10:39:02","guid":{"rendered":"http:\/\/www.collectiviteslocales.gov.tn\/?p=2459"},"modified":"2019-05-22T13:48:03","modified_gmt":"2019-05-22T12:48:03","slug":"communique-de-presse","status":"publish","type":"post","link":"http:\/\/www.collectiviteslocales.gov.tn\/fr\/2019\/05\/22\/communique-de-presse\/","title":{"rendered":"Le congr\u00e8s r\u00e9gional sur la \u00a0promotion des \u00e9cosyst\u00e8mes oasiens en Afrique du Nord et Mauritanie, et ce, les 17 et 18 Mai 2019 \u00e0 Tozeur"},"content":{"rendered":"<p>Le Minist\u00e8re des Affaires Locales et de l\u2019Environnement organise, en partenariat avec la Banque Mondiale,\u00a0le congr\u00e8s r\u00e9gional sur la \u00a0promotion des \u00e9cosyst\u00e8mes oasiens en Afrique du Nord et Mauritanie, et ce, les 17 et 18 Mai 2019 \u00e0 Tozeur.<br \/>\nCe congr\u00e8s a pour objectif \u00a0le renforcement de la coop\u00e9ration et la coordination entre les pays de la r\u00e9gion (Tunisie, Alg\u00e9rie, Maroc, Mauritanie, Libye et Egypte) en mati\u00e8re de pr\u00e9servation des \u00e9cosyst\u00e8mes oasiens et de la promotion de leur contribution au d\u00e9veloppement local, \u00e0 travers l\u2019exploitation rationnelle des ressources naturelles et la valorisation du patrimoine culturel, en vue de renforcer le r\u00f4le des oasis dans la dynamisation des \u00e9conomies locales et de l\u2019\u00e9cotourisme oasien et inter-pays, \u00e0 travers la cr\u00e9ation de microentreprises et des emplois et le renforcement des chaines de valeurs des activit\u00e9s et des produits.<br \/>\nCe congr\u00e8s r\u00e9gional devra aboutir \u00e0 l\u2019identification des axes et domaines prioritaires de coop\u00e9ration entre les pays de la r\u00e9gion en fonction des sp\u00e9cificit\u00e9s des \u00e9cosyst\u00e8mes oasiens de chaque pays en vue de leur protection contre les ravageurs, leur adaptation avec les changements climatiques et la promotion des modes de gestion des ressources en eau, dont celles partag\u00e9es, et le renforcement des \u00e9changes s\u00fbrs des produits oasiens entre les pays de la r\u00e9gion.<br \/>\nCe congr\u00e8s sera l\u2019occasion pour l\u2019\u00e9laboration du programme pilote, r\u00e9gional et int\u00e9gr\u00e9 de d\u00e9veloppement des oasis et pour l\u2019adoption de la d\u00e9claration de la Tunisie, concr\u00e9tisant l\u2019engagement des pays pour une action commune en faveur d\u2019un d\u00e9veloppement durable des oasis, consid\u00e9r\u00e9s comme un patrimoine partag\u00e9 de culturel et de d\u00e9veloppement.<br \/>\nPlus de 100 participants assisteront \u00e0 ce congr\u00e9s originaires des pays de la r\u00e9gion \u00a0des pays de la r\u00e9gion, entre hauts responsables, experts et \u00a0repr\u00e9sentants d\u2019institutions de coop\u00e9ration internationale et r\u00e9gionale. La participation des pays int\u00e8gre l\u2019ensemble des acteurs du domaine oasien, incluant les structures gouvernementales, les institutions de recherche, le secteur priv\u00e9, les organisations non gouvernementales et les autorit\u00e9s r\u00e9gionales et locales.<br \/>\nLe programme du congr\u00e8s comprend des ateliers techniques, et une exposition des microentreprises de valorisation des produits oasiens.<br \/>\nEgalement, la 2\u00e8me session du Prix Ibn Chabbat sera organis\u00e9e en marge du congr\u00e8s, en vue de promouvoir les bonnes initiatives individuelles ou associatives de promotion et de d\u00e9veloppement durable des oasis dans la r\u00e9gion africaine et m\u00e9diterran\u00e9enne.<\/p>\n<p><a href=\"\/wp-content\/uploads\/2019\/05\/cp-tozeur-1.pdf\" target=\"_blank\" rel=\"noopener\">T\u00e9l\u00e9charger Communiqu\u00e9 de presse<\/a><\/p>\n<div class=\"clear\"><\/div><div style=\"margin-top:20px; margin-bottom:20px;\" class=\"divider divider-solid\"><\/div>\n<p><img loading=\"lazy\" class=\"alignnone size-medium wp-image-2475\" src=\"http:\/\/www.collectiviteslocales.gov.tn\/wp-content\/uploads\/2019\/05\/congr\u00e9s-r\u00e9gional2-300x201.jpg\" alt=\"\" width=\"300\" height=\"201\" srcset=\"http:\/\/www.collectiviteslocales.gov.tn\/wp-content\/uploads\/2019\/05\/congr\u00e9s-r\u00e9gional2-300x201.jpg 300w, http:\/\/www.collectiviteslocales.gov.tn\/wp-content\/uploads\/2019\/05\/congr\u00e9s-r\u00e9gional2-768x513.jpg 768w, http:\/\/www.collectiviteslocales.gov.tn\/wp-content\/uploads\/2019\/05\/congr\u00e9s-r\u00e9gional2-1024x684.jpg 1024w, http:\/\/www.collectiviteslocales.gov.tn\/wp-content\/uploads\/2019\/05\/congr\u00e9s-r\u00e9gional2-110x75.jpg 110w, http:\/\/www.collectiviteslocales.gov.tn\/wp-content\/uploads\/2019\/05\/congr\u00e9s-r\u00e9gional2.jpg 1800w\" sizes=\"(max-width: 300px) 100vw, 300px\" \/> <img loading=\"lazy\" class=\"alignnone size-medium wp-image-2477\" src=\"http:\/\/www.collectiviteslocales.gov.tn\/wp-content\/uploads\/2019\/05\/congr\u00e9s-r\u00e9gional3-300x201.jpg\" alt=\"\" width=\"300\" height=\"201\" srcset=\"http:\/\/www.collectiviteslocales.gov.tn\/wp-content\/uploads\/2019\/05\/congr\u00e9s-r\u00e9gional3-300x201.jpg 300w, http:\/\/www.collectiviteslocales.gov.tn\/wp-content\/uploads\/2019\/05\/congr\u00e9s-r\u00e9gional3-768x513.jpg 768w, http:\/\/www.collectiviteslocales.gov.tn\/wp-content\/uploads\/2019\/05\/congr\u00e9s-r\u00e9gional3-1024x684.jpg 1024w, http:\/\/www.collectiviteslocales.gov.tn\/wp-content\/uploads\/2019\/05\/congr\u00e9s-r\u00e9gional3-110x75.jpg 110w, http:\/\/www.collectiviteslocales.gov.tn\/wp-content\/uploads\/2019\/05\/congr\u00e9s-r\u00e9gional3.jpg 1800w\" sizes=\"(max-width: 300px) 100vw, 300px\" \/><\/p>\n<div class=\"clear\"><\/div><div style=\"margin-top:20px; margin-bottom:20px;\" class=\"divider divider-solid\"><\/div>\n","protected":false},"excerpt":{"rendered":"<p>Le Minist\u00e8re des Affaires Locales et de l\u2019Environnement organise, en partenariat avec la Banque Mondiale,\u00a0le congr\u00e8s r\u00e9gional sur la \u00a0promotion des \u00e9cosyst\u00e8mes oasiens en Afrique du Nord et Mauritanie, et ce, les 17 et 18 Mai 2019 \u00e0 Tozeur. Ce congr\u00e8s a pour objectif \u00a0le renforcement de la coop\u00e9ration et la coordination entre les pays &hellip;<\/p>\n","protected":false},"author":3,"featured_media":2465,"comment_status":"closed","ping_status":"closed","sticky":false,"template":"","format":"standard","meta":[],"categories":[2,10],"tags":[],"yoast_head":"<!-- This site is optimized with the Yoast SEO plugin v16.3 - https:\/\/yoast.com\/wordpress\/plugins\/seo\/ -->\n<title>Le congr\u00e8s r\u00e9gional sur la \u00a0promotion des \u00e9cosyst\u00e8mes oasiens en Afrique du Nord et Mauritanie, et ce, les 17 et 18 Mai 2019 \u00e0 Tozeur - \u0628\u0648\u0627\u0628\u0629 \u0627\u0644\u062c\u0645\u0627\u0639\u0627\u062a \u0627\u0644\u0645\u062d\u0644\u064a\u0629<\/title>\n<meta name=\"robots\" content=\"index, follow, max-snippet:-1, max-image-preview:large, max-video-preview:-1\" \/>\n<link rel=\"canonical\" href=\"http:\/\/www.collectiviteslocales.gov.tn\/fr\/2019\/05\/22\/\u0627\u0644\u0645\u0624\u062a\u0645\u0631-\u0627\u0644\u0625\u0642\u0644\u064a\u0645\u064a-\u062d\u0648\u0644-\u0627\u0644\u0646\u0647\u0648\u0636-\u0628\u0627\u0644\u0645\u0646\u0638\u0648\u0645\/\" \/>\n<meta property=\"og:locale\" content=\"fr_FR\" \/>\n<meta property=\"og:type\" content=\"article\" \/>\n<meta property=\"og:title\" content=\"Le congr\u00e8s r\u00e9gional sur la \u00a0promotion des \u00e9cosyst\u00e8mes oasiens en Afrique du Nord et Mauritanie, et ce, les 17 et 18 Mai 2019 \u00e0 Tozeur - \u0628\u0648\u0627\u0628\u0629 \u0627\u0644\u062c\u0645\u0627\u0639\u0627\u062a \u0627\u0644\u0645\u062d\u0644\u064a\u0629\" \/>\n<meta property=\"og:description\" content=\"Le Minist\u00e8re des Affaires Locales et de l\u2019Environnement organise, en partenariat avec la Banque Mondiale,\u00a0le congr\u00e8s r\u00e9gional sur la \u00a0promotion des \u00e9cosyst\u00e8mes oasiens en Afrique du Nord et Mauritanie, et ce, les 17 et 18 Mai 2019 \u00e0 Tozeur. Ce congr\u00e8s a pour objectif \u00a0le renforcement de la coop\u00e9ration et la coordination entre les pays &hellip;\" \/>\n<meta property=\"og:url\" content=\"http:\/\/www.collectiviteslocales.gov.tn\/2019\/05\/22\/\u0627\u0644\u0645\u0624\u062a\u0645\u0631-\u0627\u0644\u0625\u0642\u0644\u064a\u0645\u064a-\u062d\u0648\u0644-\u0627\u0644\u0646\u0647\u0648\u0636-\u0628\u0627\u0644\u0645\u0646\u0638\u0648\u0645\/\" \/>\n<meta property=\"og:site_name\" content=\"\u0628\u0648\u0627\u0628\u0629 \u0627\u0644\u062c\u0645\u0627\u0639\u0627\u062a \u0627\u0644\u0645\u062d\u0644\u064a\u0629\" \/>\n<meta property=\"article:published_time\" content=\"2019-05-22T10:39:02+00:00\" \/>\n<meta property=\"article:modified_time\" content=\"2019-05-22T12:48:03+00:00\" \/>\n<meta property=\"og:image\" content=\"http:\/\/www.collectiviteslocales.gov.tn\/wp-content\/uploads\/2019\/05\/congr\u00e9s-r\u00e9gional.jpg\" \/>\n\t<meta property=\"og:image:width\" content=\"1800\" \/>\n\t<meta property=\"og:image:height\" content=\"1203\" \/>\n<meta name=\"twitter:card\" content=\"summary_large_image\" \/>\n<meta name=\"twitter:label1\" content=\"Dur\u00e9e de lecture est.\">\n\t<meta name=\"twitter:data1\" content=\"2 minutes\">\n<script type=\"application\/ld+json\" class=\"yoast-schema-graph\">{\"@context\":\"https:\/\/schema.org\",\"@graph\":[{\"@type\":\"WebSite\",\"@id\":\"http:\/\/www.collectiviteslocales.gov.tn\/#website\",\"url\":\"http:\/\/www.collectiviteslocales.gov.tn\/\",\"name\":\"\\u0628\\u0648\\u0627\\u0628\\u0629 \\u0627\\u0644\\u062c\\u0645\\u0627\\u0639\\u0627\\u062a \\u0627\\u0644\\u0645\\u062d\\u0644\\u064a\\u0629\",\"description\":\"\\u0628\\u0648\\u0627\\u0628\\u0629 \\u0627\\u0644\\u062c\\u0645\\u0627\\u0639\\u0627\\u062a \\u0627\\u0644\\u0645\\u062d\\u0644\\u064a\\u0629\",\"potentialAction\":[{\"@type\":\"SearchAction\",\"target\":\"http:\/\/www.collectiviteslocales.gov.tn\/?s={search_term_string}\",\"query-input\":\"required name=search_term_string\"}],\"inLanguage\":\"fr-FR\"},{\"@type\":\"ImageObject\",\"@id\":\"http:\/\/www.collectiviteslocales.gov.tn\/2019\/05\/22\/%d8%a7%d9%84%d9%85%d8%a4%d8%aa%d9%85%d8%b1-%d8%a7%d9%84%d8%a5%d9%82%d9%84%d9%8a%d9%85%d9%8a-%d8%ad%d9%88%d9%84-%d8%a7%d9%84%d9%86%d9%87%d9%88%d8%b6-%d8%a8%d8%a7%d9%84%d9%85%d9%86%d8%b8%d9%88%d9%85\/#primaryimage\",\"inLanguage\":\"fr-FR\",\"url\":\"http:\/\/www.collectiviteslocales.gov.tn\/wp-content\/uploads\/2019\/05\/congr\\u00e9s-r\\u00e9gional.jpg\",\"contentUrl\":\"http:\/\/www.collectiviteslocales.gov.tn\/wp-content\/uploads\/2019\/05\/congr\\u00e9s-r\\u00e9gional.jpg\",\"width\":1800,\"height\":1203},{\"@type\":\"WebPage\",\"@id\":\"http:\/\/www.collectiviteslocales.gov.tn\/2019\/05\/22\/%d8%a7%d9%84%d9%85%d8%a4%d8%aa%d9%85%d8%b1-%d8%a7%d9%84%d8%a5%d9%82%d9%84%d9%8a%d9%85%d9%8a-%d8%ad%d9%88%d9%84-%d8%a7%d9%84%d9%86%d9%87%d9%88%d8%b6-%d8%a8%d8%a7%d9%84%d9%85%d9%86%d8%b8%d9%88%d9%85\/#webpage\",\"url\":\"http:\/\/www.collectiviteslocales.gov.tn\/2019\/05\/22\/%d8%a7%d9%84%d9%85%d8%a4%d8%aa%d9%85%d8%b1-%d8%a7%d9%84%d8%a5%d9%82%d9%84%d9%8a%d9%85%d9%8a-%d8%ad%d9%88%d9%84-%d8%a7%d9%84%d9%86%d9%87%d9%88%d8%b6-%d8%a8%d8%a7%d9%84%d9%85%d9%86%d8%b8%d9%88%d9%85\/\",\"name\":\"Le congr\\u00e8s r\\u00e9gional sur la \\u00a0promotion des \\u00e9cosyst\\u00e8mes oasiens en Afrique du Nord et Mauritanie, et ce, les 17 et 18 Mai 2019 \\u00e0 Tozeur - \\u0628\\u0648\\u0627\\u0628\\u0629 \\u0627\\u0644\\u062c\\u0645\\u0627\\u0639\\u0627\\u062a \\u0627\\u0644\\u0645\\u062d\\u0644\\u064a\\u0629\",\"isPartOf\":{\"@id\":\"http:\/\/www.collectiviteslocales.gov.tn\/#website\"},\"primaryImageOfPage\":{\"@id\":\"http:\/\/www.collectiviteslocales.gov.tn\/2019\/05\/22\/%d8%a7%d9%84%d9%85%d8%a4%d8%aa%d9%85%d8%b1-%d8%a7%d9%84%d8%a5%d9%82%d9%84%d9%8a%d9%85%d9%8a-%d8%ad%d9%88%d9%84-%d8%a7%d9%84%d9%86%d9%87%d9%88%d8%b6-%d8%a8%d8%a7%d9%84%d9%85%d9%86%d8%b8%d9%88%d9%85\/#primaryimage\"},\"datePublished\":\"2019-05-22T10:39:02+00:00\",\"dateModified\":\"2019-05-22T12:48:03+00:00\",\"author\":{\"@id\":\"http:\/\/www.collectiviteslocales.gov.tn\/#\/schema\/person\/94d8a265bfbc06f348fcb3675a9c315e\"},\"breadcrumb\":{\"@id\":\"http:\/\/www.collectiviteslocales.gov.tn\/2019\/05\/22\/%d8%a7%d9%84%d9%85%d8%a4%d8%aa%d9%85%d8%b1-%d8%a7%d9%84%d8%a5%d9%82%d9%84%d9%8a%d9%85%d9%8a-%d8%ad%d9%88%d9%84-%d8%a7%d9%84%d9%86%d9%87%d9%88%d8%b6-%d8%a8%d8%a7%d9%84%d9%85%d9%86%d8%b8%d9%88%d9%85\/#breadcrumb\"},\"inLanguage\":\"fr-FR\",\"potentialAction\":[{\"@type\":\"ReadAction\",\"target\":[\"http:\/\/www.collectiviteslocales.gov.tn\/2019\/05\/22\/%d8%a7%d9%84%d9%85%d8%a4%d8%aa%d9%85%d8%b1-%d8%a7%d9%84%d8%a5%d9%82%d9%84%d9%8a%d9%85%d9%8a-%d8%ad%d9%88%d9%84-%d8%a7%d9%84%d9%86%d9%87%d9%88%d8%b6-%d8%a8%d8%a7%d9%84%d9%85%d9%86%d8%b8%d9%88%d9%85\/\"]}]},{\"@type\":\"BreadcrumbList\",\"@id\":\"http:\/\/www.collectiviteslocales.gov.tn\/2019\/05\/22\/%d8%a7%d9%84%d9%85%d8%a4%d8%aa%d9%85%d8%b1-%d8%a7%d9%84%d8%a5%d9%82%d9%84%d9%8a%d9%85%d9%8a-%d8%ad%d9%88%d9%84-%d8%a7%d9%84%d9%86%d9%87%d9%88%d8%b6-%d8%a8%d8%a7%d9%84%d9%85%d9%86%d8%b8%d9%88%d9%85\/#breadcrumb\",\"itemListElement\":[{\"@type\":\"ListItem\",\"position\":1,\"item\":{\"@type\":\"WebPage\",\"@id\":\"http:\/\/www.collectiviteslocales.gov.tn\/\",\"url\":\"http:\/\/www.collectiviteslocales.gov.tn\/\",\"name\":\"Accueil\"}},{\"@type\":\"ListItem\",\"position\":2,\"item\":{\"@id\":\"http:\/\/www.collectiviteslocales.gov.tn\/2019\/05\/22\/%d8%a7%d9%84%d9%85%d8%a4%d8%aa%d9%85%d8%b1-%d8%a7%d9%84%d8%a5%d9%82%d9%84%d9%8a%d9%85%d9%8a-%d8%ad%d9%88%d9%84-%d8%a7%d9%84%d9%86%d9%87%d9%88%d8%b6-%d8%a8%d8%a7%d9%84%d9%85%d9%86%d8%b8%d9%88%d9%85\/#webpage\"}}]},{\"@type\":\"Person\",\"@id\":\"http:\/\/www.collectiviteslocales.gov.tn\/#\/schema\/person\/94d8a265bfbc06f348fcb3675a9c315e\",\"name\":\"progressweb\"}]}<\/script>\n<!-- \/ Yoast SEO plugin. -->","_links":{"self":[{"href":"http:\/\/www.collectiviteslocales.gov.tn\/fr\/wp-json\/wp\/v2\/posts\/2459"}],"collection":[{"href":"http:\/\/www.collectiviteslocales.gov.tn\/fr\/wp-json\/wp\/v2\/posts"}],"about":[{"href":"http:\/\/www.collectiviteslocales.gov.tn\/fr\/wp-json\/wp\/v2\/types\/post"}],"author":[{"embeddable":true,"href":"http:\/\/www.collectiviteslocales.gov.tn\/fr\/wp-json\/wp\/v2\/users\/3"}],"replies":[{"embeddable":true,"href":"http:\/\/www.collectiviteslocales.gov.tn\/fr\/wp-json\/wp\/v2\/comments?post=2459"}],"version-history":[{"count":18,"href":"http:\/\/www.collectiviteslocales.gov.tn\/fr\/wp-json\/wp\/v2\/posts\/2459\/revisions"}],"predecessor-version":[{"id":2509,"href":"http:\/\/www.collectiviteslocales.gov.tn\/fr\/wp-json\/wp\/v2\/posts\/2459\/revisions\/2509"}],"wp:featuredmedia":[{"embeddable":true,"href":"http:\/\/www.collectiviteslocales.gov.tn\/fr\/wp-json\/wp\/v2\/media\/2465"}],"wp:attachment":[{"href":"http:\/\/www.collectiviteslocales.gov.tn\/fr\/wp-json\/wp\/v2\/media?parent=2459"}],"wp:term":[{"taxonomy":"category","embeddable":true,"href":"http:\/\/www.collectiviteslocales.gov.tn\/fr\/wp-json\/wp\/v2\/categories?post=2459"},{"taxonomy":"post_tag","embeddable":true,"href":"http:\/\/www.collectiviteslocales.gov.tn\/fr\/wp-json\/wp\/v2\/tags?post=2459"}],"curies":[{"name":"wp","href":"https:\/\/api.w.org\/{rel}","templated":true}]}}