{"id":2544,"date":"2019-06-13T16:19:01","date_gmt":"2019-06-13T15:19:01","guid":{"rendered":"http:\/\/www.collectiviteslocales.gov.tn\/?p=2544"},"modified":"2019-06-13T16:47:38","modified_gmt":"2019-06-13T15:47:38","slug":"communique-pour-le-lancement-de-lappel-a-mnifestation-dinteret-dans-le-cadre-du-programme-de-regeneration-des-centres-anciens","status":"publish","type":"post","link":"http:\/\/www.collectiviteslocales.gov.tn\/fr\/2019\/06\/13\/communique-pour-le-lancement-de-lappel-a-mnifestation-dinteret-dans-le-cadre-du-programme-de-regeneration-des-centres-anciens\/","title":{"rendered":"Lancement de l&rsquo;appel \u00e0 manifestation d&rsquo;int\u00e9r\u00eat dans le cadre du programme de r\u00e9g\u00e9n\u00e9ration des centres anciens"},"content":{"rendered":"<p>Le Minist\u00e8re de l\u2019Equipement, de l\u2019Habitat et de l\u2019Am\u00e9nagement du Territoire (MEHAT), en coordination avec le Minist\u00e8re des Affaires Locales et de l\u2019Environnement (MALE), annonce l\u2019ouverture des candidatures pour les municipalit\u00e9s afin de pr\u00e9senter des demandes de projets en exprimant leur int\u00e9r\u00eat pour participer \u00e0 ce programme<\/p>\n<p><a href=\"http:\/\/www.collectiviteslocales.gov.tn\/wp-content\/uploads\/2019\/06\/communiqu\u00e9-fran\u00e7ais-13-juin-2019.pdf\" target=\"_blank\" rel=\"noopener\">T\u00e9l\u00e9charger le communiqu\u00e9 <\/a><\/p>\n<p><a href=\"http:\/\/www.collectiviteslocales.gov.tn\/wp-content\/uploads\/2019\/06\/AMI-13-juin-2019.pdf\" target=\"_blank\" rel=\"noopener\">T\u00e9l\u00e9charger le cahier des charges<\/a><\/p>\n","protected":false},"excerpt":{"rendered":"<p>Le Minist\u00e8re de l\u2019Equipement, de l\u2019Habitat et de l\u2019Am\u00e9nagement du Territoire (MEHAT), en coordination avec le Minist\u00e8re des Affaires Locales et de l\u2019Environnement (MALE), annonce l\u2019ouverture des candidatures pour les municipalit\u00e9s afin de pr\u00e9senter des demandes de projets en exprimant leur int\u00e9r\u00eat pour participer \u00e0 ce programme T\u00e9l\u00e9charger le communiqu\u00e9 T\u00e9l\u00e9charger le cahier des charges<\/p>\n","protected":false},"author":3,"featured_media":2566,"comment_status":"closed","ping_status":"closed","sticky":false,"template":"","format":"standard","meta":[],"categories":[2,60],"tags":[],"yoast_head":"<!-- This site is optimized with the Yoast SEO plugin v16.3 - https:\/\/yoast.com\/wordpress\/plugins\/seo\/ -->\n<title>Lancement de l&#039;appel \u00e0 manifestation d&#039;int\u00e9r\u00eat dans le cadre du programme de r\u00e9g\u00e9n\u00e9ration des centres anciens - \u0628\u0648\u0627\u0628\u0629 \u0627\u0644\u062c\u0645\u0627\u0639\u0627\u062a \u0627\u0644\u0645\u062d\u0644\u064a\u0629<\/title>\n<meta name=\"robots\" content=\"index, follow, max-snippet:-1, max-image-preview:large, max-video-preview:-1\" \/>\n<link rel=\"canonical\" href=\"http:\/\/www.collectiviteslocales.gov.tn\/fr\/2019\/06\/13\/\ufe91\ufefc\u063a-\ufea3\ufeee\u0644-\u0641\u062a\u062d-\u0628\u0627\u0628-\u0627\u0644\u062a\u0631\u0634\u062d\u0627\u062a-\u0644\u062a\u0642\u062f\u064a\u0645-\u0645\u0634\u0627\u0631\/\" \/>\n<meta property=\"og:locale\" content=\"fr_FR\" \/>\n<meta property=\"og:type\" content=\"article\" \/>\n<meta property=\"og:title\" content=\"Lancement de l&#039;appel \u00e0 manifestation d&#039;int\u00e9r\u00eat dans le cadre du programme de r\u00e9g\u00e9n\u00e9ration des centres anciens - \u0628\u0648\u0627\u0628\u0629 \u0627\u0644\u062c\u0645\u0627\u0639\u0627\u062a \u0627\u0644\u0645\u062d\u0644\u064a\u0629\" \/>\n<meta property=\"og:description\" content=\"Le Minist\u00e8re de l\u2019Equipement, de l\u2019Habitat et de l\u2019Am\u00e9nagement du Territoire (MEHAT), en coordination avec le Minist\u00e8re des Affaires Locales et de l\u2019Environnement (MALE), annonce l\u2019ouverture des candidatures pour les municipalit\u00e9s afin de pr\u00e9senter des demandes de projets en exprimant leur int\u00e9r\u00eat pour participer \u00e0 ce programme T\u00e9l\u00e9charger le communiqu\u00e9 T\u00e9l\u00e9charger le cahier des charges\" \/>\n<meta property=\"og:url\" content=\"http:\/\/www.collectiviteslocales.gov.tn\/2019\/06\/13\/\ufe91\ufefc\u063a-\ufea3\ufeee\u0644-\u0641\u062a\u062d-\u0628\u0627\u0628-\u0627\u0644\u062a\u0631\u0634\u062d\u0627\u062a-\u0644\u062a\u0642\u062f\u064a\u0645-\u0645\u0634\u0627\u0631\/\" \/>\n<meta property=\"og:site_name\" content=\"\u0628\u0648\u0627\u0628\u0629 \u0627\u0644\u062c\u0645\u0627\u0639\u0627\u062a \u0627\u0644\u0645\u062d\u0644\u064a\u0629\" \/>\n<meta property=\"article:published_time\" content=\"2019-06-13T15:19:01+00:00\" \/>\n<meta property=\"article:modified_time\" content=\"2019-06-13T15:47:38+00:00\" \/>\n<meta property=\"og:image\" content=\"http:\/\/www.collectiviteslocales.gov.tn\/wp-content\/uploads\/2019\/06\/BALAGH-1-660x330-6.jpg\" \/>\n\t<meta property=\"og:image:width\" content=\"498\" \/>\n\t<meta property=\"og:image:height\" content=\"134\" \/>\n<meta name=\"twitter:card\" content=\"summary_large_image\" \/>\n<script type=\"application\/ld+json\" class=\"yoast-schema-graph\">{\"@context\":\"https:\/\/schema.org\",\"@graph\":[{\"@type\":\"WebSite\",\"@id\":\"http:\/\/www.collectiviteslocales.gov.tn\/#website\",\"url\":\"http:\/\/www.collectiviteslocales.gov.tn\/\",\"name\":\"\\u0628\\u0648\\u0627\\u0628\\u0629 \\u0627\\u0644\\u062c\\u0645\\u0627\\u0639\\u0627\\u062a \\u0627\\u0644\\u0645\\u062d\\u0644\\u064a\\u0629\",\"description\":\"\\u0628\\u0648\\u0627\\u0628\\u0629 \\u0627\\u0644\\u062c\\u0645\\u0627\\u0639\\u0627\\u062a \\u0627\\u0644\\u0645\\u062d\\u0644\\u064a\\u0629\",\"potentialAction\":[{\"@type\":\"SearchAction\",\"target\":\"http:\/\/www.collectiviteslocales.gov.tn\/?s={search_term_string}\",\"query-input\":\"required name=search_term_string\"}],\"inLanguage\":\"fr-FR\"},{\"@type\":\"ImageObject\",\"@id\":\"http:\/\/www.collectiviteslocales.gov.tn\/2019\/06\/13\/%ef%ba%91%ef%bb%bc%d8%ba-%ef%ba%a3%ef%bb%ae%d9%84-%d9%81%d8%aa%d8%ad-%d8%a8%d8%a7%d8%a8-%d8%a7%d9%84%d8%aa%d8%b1%d8%b4%d8%ad%d8%a7%d8%aa-%d9%84%d8%aa%d9%82%d8%af%d9%8a%d9%85-%d9%85%d8%b4%d8%a7%d8%b1\/#primaryimage\",\"inLanguage\":\"fr-FR\",\"url\":\"http:\/\/www.collectiviteslocales.gov.tn\/wp-content\/uploads\/2019\/06\/BALAGH-1-660x330-6.jpg\",\"contentUrl\":\"http:\/\/www.collectiviteslocales.gov.tn\/wp-content\/uploads\/2019\/06\/BALAGH-1-660x330-6.jpg\",\"width\":498,\"height\":134},{\"@type\":\"WebPage\",\"@id\":\"http:\/\/www.collectiviteslocales.gov.tn\/2019\/06\/13\/%ef%ba%91%ef%bb%bc%d8%ba-%ef%ba%a3%ef%bb%ae%d9%84-%d9%81%d8%aa%d8%ad-%d8%a8%d8%a7%d8%a8-%d8%a7%d9%84%d8%aa%d8%b1%d8%b4%d8%ad%d8%a7%d8%aa-%d9%84%d8%aa%d9%82%d8%af%d9%8a%d9%85-%d9%85%d8%b4%d8%a7%d8%b1\/#webpage\",\"url\":\"http:\/\/www.collectiviteslocales.gov.tn\/2019\/06\/13\/%ef%ba%91%ef%bb%bc%d8%ba-%ef%ba%a3%ef%bb%ae%d9%84-%d9%81%d8%aa%d8%ad-%d8%a8%d8%a7%d8%a8-%d8%a7%d9%84%d8%aa%d8%b1%d8%b4%d8%ad%d8%a7%d8%aa-%d9%84%d8%aa%d9%82%d8%af%d9%8a%d9%85-%d9%85%d8%b4%d8%a7%d8%b1\/\",\"name\":\"Lancement de l'appel \\u00e0 manifestation d'int\\u00e9r\\u00eat dans le cadre du programme de r\\u00e9g\\u00e9n\\u00e9ration des centres anciens - \\u0628\\u0648\\u0627\\u0628\\u0629 \\u0627\\u0644\\u062c\\u0645\\u0627\\u0639\\u0627\\u062a \\u0627\\u0644\\u0645\\u062d\\u0644\\u064a\\u0629\",\"isPartOf\":{\"@id\":\"http:\/\/www.collectiviteslocales.gov.tn\/#website\"},\"primaryImageOfPage\":{\"@id\":\"http:\/\/www.collectiviteslocales.gov.tn\/2019\/06\/13\/%ef%ba%91%ef%bb%bc%d8%ba-%ef%ba%a3%ef%bb%ae%d9%84-%d9%81%d8%aa%d8%ad-%d8%a8%d8%a7%d8%a8-%d8%a7%d9%84%d8%aa%d8%b1%d8%b4%d8%ad%d8%a7%d8%aa-%d9%84%d8%aa%d9%82%d8%af%d9%8a%d9%85-%d9%85%d8%b4%d8%a7%d8%b1\/#primaryimage\"},\"datePublished\":\"2019-06-13T15:19:01+00:00\",\"dateModified\":\"2019-06-13T15:47:38+00:00\",\"author\":{\"@id\":\"http:\/\/www.collectiviteslocales.gov.tn\/#\/schema\/person\/94d8a265bfbc06f348fcb3675a9c315e\"},\"breadcrumb\":{\"@id\":\"http:\/\/www.collectiviteslocales.gov.tn\/2019\/06\/13\/%ef%ba%91%ef%bb%bc%d8%ba-%ef%ba%a3%ef%bb%ae%d9%84-%d9%81%d8%aa%d8%ad-%d8%a8%d8%a7%d8%a8-%d8%a7%d9%84%d8%aa%d8%b1%d8%b4%d8%ad%d8%a7%d8%aa-%d9%84%d8%aa%d9%82%d8%af%d9%8a%d9%85-%d9%85%d8%b4%d8%a7%d8%b1\/#breadcrumb\"},\"inLanguage\":\"fr-FR\",\"potentialAction\":[{\"@type\":\"ReadAction\",\"target\":[\"http:\/\/www.collectiviteslocales.gov.tn\/2019\/06\/13\/%ef%ba%91%ef%bb%bc%d8%ba-%ef%ba%a3%ef%bb%ae%d9%84-%d9%81%d8%aa%d8%ad-%d8%a8%d8%a7%d8%a8-%d8%a7%d9%84%d8%aa%d8%b1%d8%b4%d8%ad%d8%a7%d8%aa-%d9%84%d8%aa%d9%82%d8%af%d9%8a%d9%85-%d9%85%d8%b4%d8%a7%d8%b1\/\"]}]},{\"@type\":\"BreadcrumbList\",\"@id\":\"http:\/\/www.collectiviteslocales.gov.tn\/2019\/06\/13\/%ef%ba%91%ef%bb%bc%d8%ba-%ef%ba%a3%ef%bb%ae%d9%84-%d9%81%d8%aa%d8%ad-%d8%a8%d8%a7%d8%a8-%d8%a7%d9%84%d8%aa%d8%b1%d8%b4%d8%ad%d8%a7%d8%aa-%d9%84%d8%aa%d9%82%d8%af%d9%8a%d9%85-%d9%85%d8%b4%d8%a7%d8%b1\/#breadcrumb\",\"itemListElement\":[{\"@type\":\"ListItem\",\"position\":1,\"item\":{\"@type\":\"WebPage\",\"@id\":\"http:\/\/www.collectiviteslocales.gov.tn\/\",\"url\":\"http:\/\/www.collectiviteslocales.gov.tn\/\",\"name\":\"Accueil\"}},{\"@type\":\"ListItem\",\"position\":2,\"item\":{\"@id\":\"http:\/\/www.collectiviteslocales.gov.tn\/2019\/06\/13\/%ef%ba%91%ef%bb%bc%d8%ba-%ef%ba%a3%ef%bb%ae%d9%84-%d9%81%d8%aa%d8%ad-%d8%a8%d8%a7%d8%a8-%d8%a7%d9%84%d8%aa%d8%b1%d8%b4%d8%ad%d8%a7%d8%aa-%d9%84%d8%aa%d9%82%d8%af%d9%8a%d9%85-%d9%85%d8%b4%d8%a7%d8%b1\/#webpage\"}}]},{\"@type\":\"Person\",\"@id\":\"http:\/\/www.collectiviteslocales.gov.tn\/#\/schema\/person\/94d8a265bfbc06f348fcb3675a9c315e\",\"name\":\"progressweb\"}]}<\/script>\n<!-- \/ Yoast SEO plugin. -->","_links":{"self":[{"href":"http:\/\/www.collectiviteslocales.gov.tn\/fr\/wp-json\/wp\/v2\/posts\/2544"}],"collection":[{"href":"http:\/\/www.collectiviteslocales.gov.tn\/fr\/wp-json\/wp\/v2\/posts"}],"about":[{"href":"http:\/\/www.collectiviteslocales.gov.tn\/fr\/wp-json\/wp\/v2\/types\/post"}],"author":[{"embeddable":true,"href":"http:\/\/www.collectiviteslocales.gov.tn\/fr\/wp-json\/wp\/v2\/users\/3"}],"replies":[{"embeddable":true,"href":"http:\/\/www.collectiviteslocales.gov.tn\/fr\/wp-json\/wp\/v2\/comments?post=2544"}],"version-history":[{"count":7,"href":"http:\/\/www.collectiviteslocales.gov.tn\/fr\/wp-json\/wp\/v2\/posts\/2544\/revisions"}],"predecessor-version":[{"id":2570,"href":"http:\/\/www.collectiviteslocales.gov.tn\/fr\/wp-json\/wp\/v2\/posts\/2544\/revisions\/2570"}],"wp:featuredmedia":[{"embeddable":true,"href":"http:\/\/www.collectiviteslocales.gov.tn\/fr\/wp-json\/wp\/v2\/media\/2566"}],"wp:attachment":[{"href":"http:\/\/www.collectiviteslocales.gov.tn\/fr\/wp-json\/wp\/v2\/media?parent=2544"}],"wp:term":[{"taxonomy":"category","embeddable":true,"href":"http:\/\/www.collectiviteslocales.gov.tn\/fr\/wp-json\/wp\/v2\/categories?post=2544"},{"taxonomy":"post_tag","embeddable":true,"href":"http:\/\/www.collectiviteslocales.gov.tn\/fr\/wp-json\/wp\/v2\/tags?post=2544"}],"curies":[{"name":"wp","href":"https:\/\/api.w.org\/{rel}","templated":true}]}}