{"id":2918,"date":"2019-10-30T12:45:18","date_gmt":"2019-10-30T11:45:18","guid":{"rendered":"http:\/\/www.collectiviteslocales.gov.tn\/?p=2918"},"modified":"2019-11-11T17:58:53","modified_gmt":"2019-11-11T16:58:53","slug":"tunisie-la-secretaire-generale-confirme-lengagement-du-conseil-de-leurope-pour-un-dialogue-politique-renforce","status":"publish","type":"post","link":"http:\/\/www.collectiviteslocales.gov.tn\/fr\/2019\/10\/30\/tunisie-la-secretaire-generale-confirme-lengagement-du-conseil-de-leurope-pour-un-dialogue-politique-renforce\/","title":{"rendered":"Tunisie : la Secr\u00e9taire G\u00e9n\u00e9rale confirme l\u2019engagement du Conseil de l\u2019Europe pour un dialogue politique renforc\u00e9"},"content":{"rendered":"\n<figure class=\"wp-block-image\"><img loading=\"lazy\" width=\"870\" height=\"489\" src=\"http:\/\/www.collectiviteslocales.gov.tn\/wp-content\/uploads\/2019\/10\/20191028-51975_DSC_1701-bis-002.jpg\" alt=\"\" class=\"wp-image-2846\" srcset=\"http:\/\/www.collectiviteslocales.gov.tn\/wp-content\/uploads\/2019\/10\/20191028-51975_DSC_1701-bis-002.jpg 870w, http:\/\/www.collectiviteslocales.gov.tn\/wp-content\/uploads\/2019\/10\/20191028-51975_DSC_1701-bis-002-300x169.jpg 300w, http:\/\/www.collectiviteslocales.gov.tn\/wp-content\/uploads\/2019\/10\/20191028-51975_DSC_1701-bis-002-768x432.jpg 768w\" sizes=\"(max-width: 870px) 100vw, 870px\" \/><\/figure>\n\n\n\n<p>La Secr\u00e9taire G\u00e9n\u00e9rale du Conseil de l\u2019Europe, Marija Pej\u010dinovi\u0107 Buri\u0107, a rencontr\u00e9 aujourd\u2019hui M.&nbsp;Mokhtar Hammami, ministre des Affaires locales et de l\u2019Environnement de la Tunisie, soulignant ainsi le renforcement du dialogue politique entre la Tunisie et le Conseil de l\u2019Europe. Elle a salu\u00e9 la coop\u00e9ration dans le domaine des r\u00e9formes d\u00e9mocratiques, notamment la demande d\u2019adh\u00e9sion de la Tunisie au Groupe d\u2019\u00c9tats contre la corruption (GRECO) et sa participation \u00e0 la Commission europ\u00e9enne pour la d\u00e9mocratie par le droit (Commission de Venise).<\/p>\n\n\n\n<p>La Secr\u00e9taire G\u00e9n\u00e9rale a f\u00e9licit\u00e9 la Tunisie pour son adh\u00e9sion \u00e0 la Convention du Conseil de l\u2019Europe sur la protection des enfants contre l\u2019exploitation et les abus sexuels (Convention de Lanzarote) et l\u2019a encourag\u00e9e \u00e0 adh\u00e9rer \u00e9galement \u00e0 la Convention du Conseil de l\u2019Europe sur la pr\u00e9vention et la lutte contre la violence \u00e0 l\u2019\u00e9gard des femmes et la violence domestique (Convention d\u2019Istanbul). La rencontre s\u2019inscrivait dans le cadre de la participation de la Tunisie \u00e0 la session du Congr\u00e8s des pouvoirs locaux et r\u00e9gionaux, qui a lieu cette semaine. <\/p>\n\n\n\n<p><\/p>\n\n\n\n<p><\/p>\n\n\n\n<p><\/p>\n","protected":false},"excerpt":{"rendered":"<p>La Secr\u00e9taire G\u00e9n\u00e9rale du Conseil de l\u2019Europe, Marija Pej\u010dinovi\u0107 Buri\u0107, a rencontr\u00e9 aujourd\u2019hui M.&nbsp;Mokhtar Hammami, ministre des Affaires locales et de l\u2019Environnement de la Tunisie, soulignant ainsi le renforcement du dialogue politique entre la Tunisie et le Conseil de l\u2019Europe. Elle a salu\u00e9 la coop\u00e9ration dans le domaine des r\u00e9formes d\u00e9mocratiques, notamment la demande d\u2019adh\u00e9sion &hellip;<\/p>\n","protected":false},"author":5,"featured_media":2846,"comment_status":"closed","ping_status":"closed","sticky":true,"template":"","format":"standard","meta":[],"categories":[2,10],"tags":[],"yoast_head":"<!-- This site is optimized with the Yoast SEO plugin v16.3 - https:\/\/yoast.com\/wordpress\/plugins\/seo\/ -->\n<title>Tunisie : la Secr\u00e9taire G\u00e9n\u00e9rale confirme l\u2019engagement du Conseil de l\u2019Europe pour un dialogue politique renforc\u00e9 - \u0628\u0648\u0627\u0628\u0629 \u0627\u0644\u062c\u0645\u0627\u0639\u0627\u062a \u0627\u0644\u0645\u062d\u0644\u064a\u0629<\/title>\n<meta name=\"robots\" content=\"index, follow, max-snippet:-1, max-image-preview:large, max-video-preview:-1\" \/>\n<link rel=\"canonical\" href=\"http:\/\/www.collectiviteslocales.gov.tn\/fr\/2019\/10\/30\/tunisie-la-secretaire-generale-confirme-lengagement-du-conseil-de-leurope-pour-un-dialogue-politique-renforce\/\" \/>\n<meta property=\"og:locale\" content=\"fr_FR\" \/>\n<meta property=\"og:type\" content=\"article\" \/>\n<meta property=\"og:title\" content=\"Tunisie : la Secr\u00e9taire G\u00e9n\u00e9rale confirme l\u2019engagement du Conseil de l\u2019Europe pour un dialogue politique renforc\u00e9 - \u0628\u0648\u0627\u0628\u0629 \u0627\u0644\u062c\u0645\u0627\u0639\u0627\u062a \u0627\u0644\u0645\u062d\u0644\u064a\u0629\" \/>\n<meta property=\"og:description\" content=\"La Secr\u00e9taire G\u00e9n\u00e9rale du Conseil de l\u2019Europe, Marija Pej\u010dinovi\u0107 Buri\u0107, a rencontr\u00e9 aujourd\u2019hui M.&nbsp;Mokhtar Hammami, ministre des Affaires locales et de l\u2019Environnement de la Tunisie, soulignant ainsi le renforcement du dialogue politique entre la Tunisie et le Conseil de l\u2019Europe. Elle a salu\u00e9 la coop\u00e9ration dans le domaine des r\u00e9formes d\u00e9mocratiques, notamment la demande d\u2019adh\u00e9sion &hellip;\" \/>\n<meta property=\"og:url\" content=\"http:\/\/www.collectiviteslocales.gov.tn\/fr\/2019\/10\/30\/tunisie-la-secretaire-generale-confirme-lengagement-du-conseil-de-leurope-pour-un-dialogue-politique-renforce\/\" \/>\n<meta property=\"og:site_name\" content=\"\u0628\u0648\u0627\u0628\u0629 \u0627\u0644\u062c\u0645\u0627\u0639\u0627\u062a \u0627\u0644\u0645\u062d\u0644\u064a\u0629\" \/>\n<meta property=\"article:published_time\" content=\"2019-10-30T11:45:18+00:00\" \/>\n<meta property=\"article:modified_time\" content=\"2019-11-11T16:58:53+00:00\" \/>\n<meta property=\"og:image\" content=\"http:\/\/www.collectiviteslocales.gov.tn\/wp-content\/uploads\/2019\/10\/20191028-51975_DSC_1701-bis-002.jpg\" \/>\n\t<meta property=\"og:image:width\" content=\"870\" \/>\n\t<meta property=\"og:image:height\" content=\"489\" \/>\n<meta name=\"twitter:card\" content=\"summary_large_image\" \/>\n<meta name=\"twitter:label1\" content=\"Dur\u00e9e de lecture est.\">\n\t<meta name=\"twitter:data1\" content=\"1 minute\">\n<script type=\"application\/ld+json\" class=\"yoast-schema-graph\">{\"@context\":\"https:\/\/schema.org\",\"@graph\":[{\"@type\":\"WebSite\",\"@id\":\"http:\/\/www.collectiviteslocales.gov.tn\/#website\",\"url\":\"http:\/\/www.collectiviteslocales.gov.tn\/\",\"name\":\"\\u0628\\u0648\\u0627\\u0628\\u0629 \\u0627\\u0644\\u062c\\u0645\\u0627\\u0639\\u0627\\u062a \\u0627\\u0644\\u0645\\u062d\\u0644\\u064a\\u0629\",\"description\":\"\\u0628\\u0648\\u0627\\u0628\\u0629 \\u0627\\u0644\\u062c\\u0645\\u0627\\u0639\\u0627\\u062a \\u0627\\u0644\\u0645\\u062d\\u0644\\u064a\\u0629\",\"potentialAction\":[{\"@type\":\"SearchAction\",\"target\":\"http:\/\/www.collectiviteslocales.gov.tn\/?s={search_term_string}\",\"query-input\":\"required name=search_term_string\"}],\"inLanguage\":\"fr-FR\"},{\"@type\":\"ImageObject\",\"@id\":\"http:\/\/www.collectiviteslocales.gov.tn\/fr\/2019\/10\/30\/tunisie-la-secretaire-generale-confirme-lengagement-du-conseil-de-leurope-pour-un-dialogue-politique-renforce\/#primaryimage\",\"inLanguage\":\"fr-FR\",\"url\":\"http:\/\/www.collectiviteslocales.gov.tn\/wp-content\/uploads\/2019\/10\/20191028-51975_DSC_1701-bis-002.jpg\",\"contentUrl\":\"http:\/\/www.collectiviteslocales.gov.tn\/wp-content\/uploads\/2019\/10\/20191028-51975_DSC_1701-bis-002.jpg\",\"width\":870,\"height\":489},{\"@type\":\"WebPage\",\"@id\":\"http:\/\/www.collectiviteslocales.gov.tn\/fr\/2019\/10\/30\/tunisie-la-secretaire-generale-confirme-lengagement-du-conseil-de-leurope-pour-un-dialogue-politique-renforce\/#webpage\",\"url\":\"http:\/\/www.collectiviteslocales.gov.tn\/fr\/2019\/10\/30\/tunisie-la-secretaire-generale-confirme-lengagement-du-conseil-de-leurope-pour-un-dialogue-politique-renforce\/\",\"name\":\"Tunisie : la Secr\\u00e9taire G\\u00e9n\\u00e9rale confirme l\\u2019engagement du Conseil de l\\u2019Europe pour un dialogue politique renforc\\u00e9 - \\u0628\\u0648\\u0627\\u0628\\u0629 \\u0627\\u0644\\u062c\\u0645\\u0627\\u0639\\u0627\\u062a \\u0627\\u0644\\u0645\\u062d\\u0644\\u064a\\u0629\",\"isPartOf\":{\"@id\":\"http:\/\/www.collectiviteslocales.gov.tn\/#website\"},\"primaryImageOfPage\":{\"@id\":\"http:\/\/www.collectiviteslocales.gov.tn\/fr\/2019\/10\/30\/tunisie-la-secretaire-generale-confirme-lengagement-du-conseil-de-leurope-pour-un-dialogue-politique-renforce\/#primaryimage\"},\"datePublished\":\"2019-10-30T11:45:18+00:00\",\"dateModified\":\"2019-11-11T16:58:53+00:00\",\"author\":{\"@id\":\"http:\/\/www.collectiviteslocales.gov.tn\/#\/schema\/person\/205875e44a0f20b1eb6f68da6e5ebd0a\"},\"breadcrumb\":{\"@id\":\"http:\/\/www.collectiviteslocales.gov.tn\/fr\/2019\/10\/30\/tunisie-la-secretaire-generale-confirme-lengagement-du-conseil-de-leurope-pour-un-dialogue-politique-renforce\/#breadcrumb\"},\"inLanguage\":\"fr-FR\",\"potentialAction\":[{\"@type\":\"ReadAction\",\"target\":[\"http:\/\/www.collectiviteslocales.gov.tn\/fr\/2019\/10\/30\/tunisie-la-secretaire-generale-confirme-lengagement-du-conseil-de-leurope-pour-un-dialogue-politique-renforce\/\"]}]},{\"@type\":\"BreadcrumbList\",\"@id\":\"http:\/\/www.collectiviteslocales.gov.tn\/fr\/2019\/10\/30\/tunisie-la-secretaire-generale-confirme-lengagement-du-conseil-de-leurope-pour-un-dialogue-politique-renforce\/#breadcrumb\",\"itemListElement\":[{\"@type\":\"ListItem\",\"position\":1,\"item\":{\"@type\":\"WebPage\",\"@id\":\"http:\/\/www.collectiviteslocales.gov.tn\/\",\"url\":\"http:\/\/www.collectiviteslocales.gov.tn\/\",\"name\":\"Accueil\"}},{\"@type\":\"ListItem\",\"position\":2,\"item\":{\"@id\":\"http:\/\/www.collectiviteslocales.gov.tn\/fr\/2019\/10\/30\/tunisie-la-secretaire-generale-confirme-lengagement-du-conseil-de-leurope-pour-un-dialogue-politique-renforce\/#webpage\"}}]},{\"@type\":\"Person\",\"@id\":\"http:\/\/www.collectiviteslocales.gov.tn\/#\/schema\/person\/205875e44a0f20b1eb6f68da6e5ebd0a\",\"name\":\"baccaraamal\"}]}<\/script>\n<!-- \/ Yoast SEO plugin. -->","_links":{"self":[{"href":"http:\/\/www.collectiviteslocales.gov.tn\/fr\/wp-json\/wp\/v2\/posts\/2918"}],"collection":[{"href":"http:\/\/www.collectiviteslocales.gov.tn\/fr\/wp-json\/wp\/v2\/posts"}],"about":[{"href":"http:\/\/www.collectiviteslocales.gov.tn\/fr\/wp-json\/wp\/v2\/types\/post"}],"author":[{"embeddable":true,"href":"http:\/\/www.collectiviteslocales.gov.tn\/fr\/wp-json\/wp\/v2\/users\/5"}],"replies":[{"embeddable":true,"href":"http:\/\/www.collectiviteslocales.gov.tn\/fr\/wp-json\/wp\/v2\/comments?post=2918"}],"version-history":[{"count":1,"href":"http:\/\/www.collectiviteslocales.gov.tn\/fr\/wp-json\/wp\/v2\/posts\/2918\/revisions"}],"predecessor-version":[{"id":2920,"href":"http:\/\/www.collectiviteslocales.gov.tn\/fr\/wp-json\/wp\/v2\/posts\/2918\/revisions\/2920"}],"wp:featuredmedia":[{"embeddable":true,"href":"http:\/\/www.collectiviteslocales.gov.tn\/fr\/wp-json\/wp\/v2\/media\/2846"}],"wp:attachment":[{"href":"http:\/\/www.collectiviteslocales.gov.tn\/fr\/wp-json\/wp\/v2\/media?parent=2918"}],"wp:term":[{"taxonomy":"category","embeddable":true,"href":"http:\/\/www.collectiviteslocales.gov.tn\/fr\/wp-json\/wp\/v2\/categories?post=2918"},{"taxonomy":"post_tag","embeddable":true,"href":"http:\/\/www.collectiviteslocales.gov.tn\/fr\/wp-json\/wp\/v2\/tags?post=2918"}],"curies":[{"name":"wp","href":"https:\/\/api.w.org\/{rel}","templated":true}]}}