{"id":3192,"date":"2018-03-12T15:37:23","date_gmt":"2018-03-12T14:37:23","guid":{"rendered":"http:\/\/www.collectiviteslocales.gov.tn\/?p=3192"},"modified":"2019-11-09T15:50:47","modified_gmt":"2019-11-09T14:50:47","slug":"decret-gouvernemental-n-2018-264-du-12-mars-2018-portant-creation-dune-unite-de-gestion-par-objectifs-au-sein-du-ministere-des-affaires-locales-et-de-lenvironnement-pour-le-programme-nation","status":"publish","type":"post","link":"http:\/\/www.collectiviteslocales.gov.tn\/fr\/2018\/03\/12\/decret-gouvernemental-n-2018-264-du-12-mars-2018-portant-creation-dune-unite-de-gestion-par-objectifs-au-sein-du-ministere-des-affaires-locales-et-de-lenvironnement-pour-le-programme-nation\/","title":{"rendered":"D\u00e9cret gouvernemental n\u00b0 2018-264 du 12 mars 2018"},"content":{"rendered":"\n<p>D\u00e9cret gouvernemental n\u00b0 2018-264 du 12 mars 2018, portant cr\u00e9ation d&rsquo;une unit\u00e9 de gestion par objectifs au sein du minist\u00e8re des affaires locales et de l&rsquo;environnement pour le programme national de la propret\u00e9 et de l&rsquo;esth\u00e9tique de l&rsquo;environnement.<\/p>\n\n\n<a href=\"http:\/\/www.collectiviteslocales.gov.tn\/wp-content\/uploads\/2019\/11\/Tf20182643.pdf\" target=\"_blank\" class=\"shortc-button small black \"><i class=\"fa fas fa-download\"><\/i>T\u00e9l\u00e9charger <\/a>\n","protected":false},"excerpt":{"rendered":"<p>D\u00e9cret gouvernemental n\u00b0 2018-264 du 12 mars 2018, portant cr\u00e9ation d&rsquo;une unit\u00e9 de gestion par objectifs au sein du minist\u00e8re des affaires locales et de l&rsquo;environnement pour le programme national de la propret\u00e9 et de l&rsquo;esth\u00e9tique de l&rsquo;environnement.<\/p>\n","protected":false},"author":5,"featured_media":0,"comment_status":"closed","ping_status":"closed","sticky":true,"template":"","format":"standard","meta":[],"categories":[83],"tags":[],"yoast_head":"<!-- This site is optimized with the Yoast SEO plugin v16.3 - https:\/\/yoast.com\/wordpress\/plugins\/seo\/ -->\n<title>D\u00e9cret gouvernemental n\u00b0 2018-264 du 12 mars 2018 - \u0628\u0648\u0627\u0628\u0629 \u0627\u0644\u062c\u0645\u0627\u0639\u0627\u062a \u0627\u0644\u0645\u062d\u0644\u064a\u0629<\/title>\n<meta name=\"robots\" content=\"index, follow, max-snippet:-1, max-image-preview:large, max-video-preview:-1\" \/>\n<link rel=\"canonical\" href=\"http:\/\/www.collectiviteslocales.gov.tn\/fr\/2018\/03\/12\/decret-gouvernemental-n-2018-264-du-12-mars-2018-portant-creation-dune-unite-de-gestion-par-objectifs-au-sein-du-ministere-des-affaires-locales-et-de-lenvironnement-pour-le-programme-nation\/\" \/>\n<meta property=\"og:locale\" content=\"fr_FR\" \/>\n<meta property=\"og:type\" content=\"article\" \/>\n<meta property=\"og:title\" content=\"D\u00e9cret gouvernemental n\u00b0 2018-264 du 12 mars 2018 - \u0628\u0648\u0627\u0628\u0629 \u0627\u0644\u062c\u0645\u0627\u0639\u0627\u062a \u0627\u0644\u0645\u062d\u0644\u064a\u0629\" \/>\n<meta property=\"og:description\" content=\"D\u00e9cret gouvernemental n\u00b0 2018-264 du 12 mars 2018, portant cr\u00e9ation d&rsquo;une unit\u00e9 de gestion par objectifs au sein du minist\u00e8re des affaires locales et de l&rsquo;environnement pour le programme national de la propret\u00e9 et de l&rsquo;esth\u00e9tique de l&rsquo;environnement.\" \/>\n<meta property=\"og:url\" content=\"http:\/\/www.collectiviteslocales.gov.tn\/fr\/2018\/03\/12\/decret-gouvernemental-n-2018-264-du-12-mars-2018-portant-creation-dune-unite-de-gestion-par-objectifs-au-sein-du-ministere-des-affaires-locales-et-de-lenvironnement-pour-le-programme-nation\/\" \/>\n<meta property=\"og:site_name\" content=\"\u0628\u0648\u0627\u0628\u0629 \u0627\u0644\u062c\u0645\u0627\u0639\u0627\u062a \u0627\u0644\u0645\u062d\u0644\u064a\u0629\" \/>\n<meta property=\"article:published_time\" content=\"2018-03-12T14:37:23+00:00\" \/>\n<meta property=\"article:modified_time\" content=\"2019-11-09T14:50:47+00:00\" \/>\n<meta name=\"twitter:card\" content=\"summary_large_image\" \/>\n<script type=\"application\/ld+json\" class=\"yoast-schema-graph\">{\"@context\":\"https:\/\/schema.org\",\"@graph\":[{\"@type\":\"WebSite\",\"@id\":\"http:\/\/www.collectiviteslocales.gov.tn\/#website\",\"url\":\"http:\/\/www.collectiviteslocales.gov.tn\/\",\"name\":\"\\u0628\\u0648\\u0627\\u0628\\u0629 \\u0627\\u0644\\u062c\\u0645\\u0627\\u0639\\u0627\\u062a \\u0627\\u0644\\u0645\\u062d\\u0644\\u064a\\u0629\",\"description\":\"\\u0628\\u0648\\u0627\\u0628\\u0629 \\u0627\\u0644\\u062c\\u0645\\u0627\\u0639\\u0627\\u062a \\u0627\\u0644\\u0645\\u062d\\u0644\\u064a\\u0629\",\"potentialAction\":[{\"@type\":\"SearchAction\",\"target\":\"http:\/\/www.collectiviteslocales.gov.tn\/?s={search_term_string}\",\"query-input\":\"required name=search_term_string\"}],\"inLanguage\":\"fr-FR\"},{\"@type\":\"WebPage\",\"@id\":\"http:\/\/www.collectiviteslocales.gov.tn\/fr\/2018\/03\/12\/decret-gouvernemental-n-2018-264-du-12-mars-2018-portant-creation-dune-unite-de-gestion-par-objectifs-au-sein-du-ministere-des-affaires-locales-et-de-lenvironnement-pour-le-programme-nation\/#webpage\",\"url\":\"http:\/\/www.collectiviteslocales.gov.tn\/fr\/2018\/03\/12\/decret-gouvernemental-n-2018-264-du-12-mars-2018-portant-creation-dune-unite-de-gestion-par-objectifs-au-sein-du-ministere-des-affaires-locales-et-de-lenvironnement-pour-le-programme-nation\/\",\"name\":\"D\\u00e9cret gouvernemental n\\u00b0 2018-264 du 12 mars 2018 - \\u0628\\u0648\\u0627\\u0628\\u0629 \\u0627\\u0644\\u062c\\u0645\\u0627\\u0639\\u0627\\u062a \\u0627\\u0644\\u0645\\u062d\\u0644\\u064a\\u0629\",\"isPartOf\":{\"@id\":\"http:\/\/www.collectiviteslocales.gov.tn\/#website\"},\"datePublished\":\"2018-03-12T14:37:23+00:00\",\"dateModified\":\"2019-11-09T14:50:47+00:00\",\"author\":{\"@id\":\"http:\/\/www.collectiviteslocales.gov.tn\/#\/schema\/person\/205875e44a0f20b1eb6f68da6e5ebd0a\"},\"breadcrumb\":{\"@id\":\"http:\/\/www.collectiviteslocales.gov.tn\/fr\/2018\/03\/12\/decret-gouvernemental-n-2018-264-du-12-mars-2018-portant-creation-dune-unite-de-gestion-par-objectifs-au-sein-du-ministere-des-affaires-locales-et-de-lenvironnement-pour-le-programme-nation\/#breadcrumb\"},\"inLanguage\":\"fr-FR\",\"potentialAction\":[{\"@type\":\"ReadAction\",\"target\":[\"http:\/\/www.collectiviteslocales.gov.tn\/fr\/2018\/03\/12\/decret-gouvernemental-n-2018-264-du-12-mars-2018-portant-creation-dune-unite-de-gestion-par-objectifs-au-sein-du-ministere-des-affaires-locales-et-de-lenvironnement-pour-le-programme-nation\/\"]}]},{\"@type\":\"BreadcrumbList\",\"@id\":\"http:\/\/www.collectiviteslocales.gov.tn\/fr\/2018\/03\/12\/decret-gouvernemental-n-2018-264-du-12-mars-2018-portant-creation-dune-unite-de-gestion-par-objectifs-au-sein-du-ministere-des-affaires-locales-et-de-lenvironnement-pour-le-programme-nation\/#breadcrumb\",\"itemListElement\":[{\"@type\":\"ListItem\",\"position\":1,\"item\":{\"@type\":\"WebPage\",\"@id\":\"http:\/\/www.collectiviteslocales.gov.tn\/\",\"url\":\"http:\/\/www.collectiviteslocales.gov.tn\/\",\"name\":\"Accueil\"}},{\"@type\":\"ListItem\",\"position\":2,\"item\":{\"@id\":\"http:\/\/www.collectiviteslocales.gov.tn\/fr\/2018\/03\/12\/decret-gouvernemental-n-2018-264-du-12-mars-2018-portant-creation-dune-unite-de-gestion-par-objectifs-au-sein-du-ministere-des-affaires-locales-et-de-lenvironnement-pour-le-programme-nation\/#webpage\"}}]},{\"@type\":\"Person\",\"@id\":\"http:\/\/www.collectiviteslocales.gov.tn\/#\/schema\/person\/205875e44a0f20b1eb6f68da6e5ebd0a\",\"name\":\"baccaraamal\"}]}<\/script>\n<!-- \/ Yoast SEO plugin. -->","_links":{"self":[{"href":"http:\/\/www.collectiviteslocales.gov.tn\/fr\/wp-json\/wp\/v2\/posts\/3192"}],"collection":[{"href":"http:\/\/www.collectiviteslocales.gov.tn\/fr\/wp-json\/wp\/v2\/posts"}],"about":[{"href":"http:\/\/www.collectiviteslocales.gov.tn\/fr\/wp-json\/wp\/v2\/types\/post"}],"author":[{"embeddable":true,"href":"http:\/\/www.collectiviteslocales.gov.tn\/fr\/wp-json\/wp\/v2\/users\/5"}],"replies":[{"embeddable":true,"href":"http:\/\/www.collectiviteslocales.gov.tn\/fr\/wp-json\/wp\/v2\/comments?post=3192"}],"version-history":[{"count":2,"href":"http:\/\/www.collectiviteslocales.gov.tn\/fr\/wp-json\/wp\/v2\/posts\/3192\/revisions"}],"predecessor-version":[{"id":3197,"href":"http:\/\/www.collectiviteslocales.gov.tn\/fr\/wp-json\/wp\/v2\/posts\/3192\/revisions\/3197"}],"wp:attachment":[{"href":"http:\/\/www.collectiviteslocales.gov.tn\/fr\/wp-json\/wp\/v2\/media?parent=3192"}],"wp:term":[{"taxonomy":"category","embeddable":true,"href":"http:\/\/www.collectiviteslocales.gov.tn\/fr\/wp-json\/wp\/v2\/categories?post=3192"},{"taxonomy":"post_tag","embeddable":true,"href":"http:\/\/www.collectiviteslocales.gov.tn\/fr\/wp-json\/wp\/v2\/tags?post=3192"}],"curies":[{"name":"wp","href":"https:\/\/api.w.org\/{rel}","templated":true}]}}