{"id":3441,"date":"2019-11-13T13:03:25","date_gmt":"2019-11-13T12:03:25","guid":{"rendered":"http:\/\/www.collectiviteslocales.gov.tn\/?p=3441"},"modified":"2019-11-13T17:03:18","modified_gmt":"2019-11-13T16:03:18","slug":"decret-gouvernemental-n-2018-745-du-23-aout-2018","status":"publish","type":"post","link":"http:\/\/www.collectiviteslocales.gov.tn\/fr\/2019\/11\/13\/decret-gouvernemental-n-2018-745-du-23-aout-2018\/","title":{"rendered":"D\u00e9cret gouvernemental n\u00b0 2018-745 du 23 ao\u00fbt 2018."},"content":{"rendered":"\n<p>D\u00e9cret gouvernemental n\u00b0 2018-745 du 23 ao\u00fbt 2018, fixant le r\u00e9gime d&rsquo;attribution des indemnit\u00e9s \u00e0 titre de remboursement des frais au profit des vices pr\u00e9sident de commune et ses adjoints .<\/p>\n\n\n\n<p>La traduction fran\u00e7aise du texte n\u2019est&nbsp;pas encore publi\u00e9e&nbsp;au JORT.<\/p>\n\n\n\n<p>Le MALE la mettra en ligne d\u00e8s sa publication officielle. <\/p>\n\n\n\n<p>Entre-temps, veuillez consulter la version arabe du texte.<\/p>\n\n\n\n<a href=\" http:\/\/www.collectiviteslocales.gov.tn\/wp-content\/uploads\/2019\/03\/Ta20187453.pdf \" target=\"_blank\" class=\"shortc-button small black \"><i class=\"fa fas fa-download\"><\/i> T\u00e9l\u00e9charger  version&nbsp;arabe   <\/a>\n\n\n<p><!--EndFragment--><\/p>","protected":false},"excerpt":{"rendered":"<p>D\u00e9cret gouvernemental n\u00b0 2018-745 du 23 ao\u00fbt 2018, fixant le r\u00e9gime d&rsquo;attribution des indemnit\u00e9s \u00e0 titre de remboursement des frais au profit des vices pr\u00e9sident de commune et ses adjoints . La traduction fran\u00e7aise du texte n\u2019est&nbsp;pas encore publi\u00e9e&nbsp;au JORT. Le MALE la mettra en ligne d\u00e8s sa publication officielle. Entre-temps, veuillez consulter la version &hellip;<\/p>\n","protected":false},"author":4,"featured_media":0,"comment_status":"closed","ping_status":"closed","sticky":false,"template":"","format":"standard","meta":[],"categories":[83],"tags":[],"yoast_head":"<!-- This site is optimized with the Yoast SEO plugin v16.3 - https:\/\/yoast.com\/wordpress\/plugins\/seo\/ -->\n<title>D\u00e9cret gouvernemental n\u00b0 2018-745 du 23 ao\u00fbt 2018. - \u0628\u0648\u0627\u0628\u0629 \u0627\u0644\u062c\u0645\u0627\u0639\u0627\u062a \u0627\u0644\u0645\u062d\u0644\u064a\u0629<\/title>\n<meta name=\"robots\" content=\"index, follow, max-snippet:-1, max-image-preview:large, max-video-preview:-1\" \/>\n<link rel=\"canonical\" href=\"http:\/\/www.collectiviteslocales.gov.tn\/fr\/2019\/11\/13\/decret-gouvernemental-n-2018-745-du-23-aout-2018\/\" \/>\n<meta property=\"og:locale\" content=\"fr_FR\" \/>\n<meta property=\"og:type\" content=\"article\" \/>\n<meta property=\"og:title\" content=\"D\u00e9cret gouvernemental n\u00b0 2018-745 du 23 ao\u00fbt 2018. - \u0628\u0648\u0627\u0628\u0629 \u0627\u0644\u062c\u0645\u0627\u0639\u0627\u062a \u0627\u0644\u0645\u062d\u0644\u064a\u0629\" \/>\n<meta property=\"og:description\" content=\"D\u00e9cret gouvernemental n\u00b0 2018-745 du 23 ao\u00fbt 2018, fixant le r\u00e9gime d&rsquo;attribution des indemnit\u00e9s \u00e0 titre de remboursement des frais au profit des vices pr\u00e9sident de commune et ses adjoints . La traduction fran\u00e7aise du texte n\u2019est&nbsp;pas encore publi\u00e9e&nbsp;au JORT. Le MALE la mettra en ligne d\u00e8s sa publication officielle. Entre-temps, veuillez consulter la version &hellip;\" \/>\n<meta property=\"og:url\" content=\"http:\/\/www.collectiviteslocales.gov.tn\/fr\/2019\/11\/13\/decret-gouvernemental-n-2018-745-du-23-aout-2018\/\" \/>\n<meta property=\"og:site_name\" content=\"\u0628\u0648\u0627\u0628\u0629 \u0627\u0644\u062c\u0645\u0627\u0639\u0627\u062a \u0627\u0644\u0645\u062d\u0644\u064a\u0629\" \/>\n<meta property=\"article:published_time\" content=\"2019-11-13T12:03:25+00:00\" \/>\n<meta property=\"article:modified_time\" content=\"2019-11-13T16:03:18+00:00\" \/>\n<meta name=\"twitter:card\" content=\"summary_large_image\" \/>\n<script type=\"application\/ld+json\" class=\"yoast-schema-graph\">{\"@context\":\"https:\/\/schema.org\",\"@graph\":[{\"@type\":\"WebSite\",\"@id\":\"http:\/\/www.collectiviteslocales.gov.tn\/#website\",\"url\":\"http:\/\/www.collectiviteslocales.gov.tn\/\",\"name\":\"\\u0628\\u0648\\u0627\\u0628\\u0629 \\u0627\\u0644\\u062c\\u0645\\u0627\\u0639\\u0627\\u062a \\u0627\\u0644\\u0645\\u062d\\u0644\\u064a\\u0629\",\"description\":\"\\u0628\\u0648\\u0627\\u0628\\u0629 \\u0627\\u0644\\u062c\\u0645\\u0627\\u0639\\u0627\\u062a \\u0627\\u0644\\u0645\\u062d\\u0644\\u064a\\u0629\",\"potentialAction\":[{\"@type\":\"SearchAction\",\"target\":\"http:\/\/www.collectiviteslocales.gov.tn\/?s={search_term_string}\",\"query-input\":\"required name=search_term_string\"}],\"inLanguage\":\"fr-FR\"},{\"@type\":\"WebPage\",\"@id\":\"http:\/\/www.collectiviteslocales.gov.tn\/fr\/2019\/11\/13\/decret-gouvernemental-n-2018-745-du-23-aout-2018\/#webpage\",\"url\":\"http:\/\/www.collectiviteslocales.gov.tn\/fr\/2019\/11\/13\/decret-gouvernemental-n-2018-745-du-23-aout-2018\/\",\"name\":\"D\\u00e9cret gouvernemental n\\u00b0 2018-745 du 23 ao\\u00fbt 2018. - \\u0628\\u0648\\u0627\\u0628\\u0629 \\u0627\\u0644\\u062c\\u0645\\u0627\\u0639\\u0627\\u062a \\u0627\\u0644\\u0645\\u062d\\u0644\\u064a\\u0629\",\"isPartOf\":{\"@id\":\"http:\/\/www.collectiviteslocales.gov.tn\/#website\"},\"datePublished\":\"2019-11-13T12:03:25+00:00\",\"dateModified\":\"2019-11-13T16:03:18+00:00\",\"author\":{\"@id\":\"http:\/\/www.collectiviteslocales.gov.tn\/#\/schema\/person\/17df0db1e4bf6a89e8a6dff08915e3b1\"},\"breadcrumb\":{\"@id\":\"http:\/\/www.collectiviteslocales.gov.tn\/fr\/2019\/11\/13\/decret-gouvernemental-n-2018-745-du-23-aout-2018\/#breadcrumb\"},\"inLanguage\":\"fr-FR\",\"potentialAction\":[{\"@type\":\"ReadAction\",\"target\":[\"http:\/\/www.collectiviteslocales.gov.tn\/fr\/2019\/11\/13\/decret-gouvernemental-n-2018-745-du-23-aout-2018\/\"]}]},{\"@type\":\"BreadcrumbList\",\"@id\":\"http:\/\/www.collectiviteslocales.gov.tn\/fr\/2019\/11\/13\/decret-gouvernemental-n-2018-745-du-23-aout-2018\/#breadcrumb\",\"itemListElement\":[{\"@type\":\"ListItem\",\"position\":1,\"item\":{\"@type\":\"WebPage\",\"@id\":\"http:\/\/www.collectiviteslocales.gov.tn\/\",\"url\":\"http:\/\/www.collectiviteslocales.gov.tn\/\",\"name\":\"Accueil\"}},{\"@type\":\"ListItem\",\"position\":2,\"item\":{\"@id\":\"http:\/\/www.collectiviteslocales.gov.tn\/fr\/2019\/11\/13\/decret-gouvernemental-n-2018-745-du-23-aout-2018\/#webpage\"}}]},{\"@type\":\"Person\",\"@id\":\"http:\/\/www.collectiviteslocales.gov.tn\/#\/schema\/person\/17df0db1e4bf6a89e8a6dff08915e3b1\",\"name\":\"helmisoltani\"}]}<\/script>\n<!-- \/ Yoast SEO plugin. -->","_links":{"self":[{"href":"http:\/\/www.collectiviteslocales.gov.tn\/fr\/wp-json\/wp\/v2\/posts\/3441"}],"collection":[{"href":"http:\/\/www.collectiviteslocales.gov.tn\/fr\/wp-json\/wp\/v2\/posts"}],"about":[{"href":"http:\/\/www.collectiviteslocales.gov.tn\/fr\/wp-json\/wp\/v2\/types\/post"}],"author":[{"embeddable":true,"href":"http:\/\/www.collectiviteslocales.gov.tn\/fr\/wp-json\/wp\/v2\/users\/4"}],"replies":[{"embeddable":true,"href":"http:\/\/www.collectiviteslocales.gov.tn\/fr\/wp-json\/wp\/v2\/comments?post=3441"}],"version-history":[{"count":2,"href":"http:\/\/www.collectiviteslocales.gov.tn\/fr\/wp-json\/wp\/v2\/posts\/3441\/revisions"}],"predecessor-version":[{"id":3444,"href":"http:\/\/www.collectiviteslocales.gov.tn\/fr\/wp-json\/wp\/v2\/posts\/3441\/revisions\/3444"}],"wp:attachment":[{"href":"http:\/\/www.collectiviteslocales.gov.tn\/fr\/wp-json\/wp\/v2\/media?parent=3441"}],"wp:term":[{"taxonomy":"category","embeddable":true,"href":"http:\/\/www.collectiviteslocales.gov.tn\/fr\/wp-json\/wp\/v2\/categories?post=3441"},{"taxonomy":"post_tag","embeddable":true,"href":"http:\/\/www.collectiviteslocales.gov.tn\/fr\/wp-json\/wp\/v2\/tags?post=3441"}],"curies":[{"name":"wp","href":"https:\/\/api.w.org\/{rel}","templated":true}]}}