{"id":3466,"date":"2019-11-13T14:31:39","date_gmt":"2019-11-13T13:31:39","guid":{"rendered":"http:\/\/www.collectiviteslocales.gov.tn\/?p=3466"},"modified":"2019-11-13T17:02:30","modified_gmt":"2019-11-13T16:02:30","slug":"decret-gouvernemental-n-2019-351-du-10-avril-2019","status":"publish","type":"post","link":"http:\/\/www.collectiviteslocales.gov.tn\/fr\/2019\/11\/13\/decret-gouvernemental-n-2019-351-du-10-avril-2019\/","title":{"rendered":"D\u00e9cret gouvernemental n\u00b0 2019-351 du 10 avril 2019."},"content":{"rendered":"\n<p>\n\nPar d\u00e9cret gouvernemental n\u00b0 2019-351 du 10 avril 2019.<\/p>\n\n\n\n<p>Madame et Messieurs ci-apr\u00e8s cit\u00e9s sont d\u00e9sign\u00e9s membres de l&rsquo;instance sup\u00e9rieure des finances locales :<\/p>\n\n\n\n<p>&#8211; Amel Elloumi Baouab, juge financier : pr\u00e9sidente,<\/p>\n\n\n\n<p>&#8211; Fay\u00e7al Kazez, repr\u00e9sentant du minist\u00e8re charg\u00e9 des affaires locales : membre,<\/p>\n\n\n\n<p>&#8211; Mohamed Lazhar Mazigh, repr\u00e9sentant du minist\u00e8re des finances : membre,<\/p>\n\n\n\n<p>&#8211; Ahmed Guesmi, repr\u00e9sentant du minist\u00e8re des finances : membre,<\/p>\n\n\n\n<p>&#8211; Taoufik Messoudi, repr\u00e9sentant du minist\u00e8re charg\u00e9 des domaines de l&rsquo;Etat : membre,<\/p>\n\n\n\n<p>&#8211; Sami Mekki, repr\u00e9sentant de la caisse des pr\u00eats et de soutien des collectivit\u00e9s locales : membre,<\/p>\n\n\n\n<p>&#8211; Skander Bousnina, expert-comptable : membre,<\/p>\n\n\n\n<p>&#8211; Safouane Farroukh, comptable : membre.<br><\/p>\n","protected":false},"excerpt":{"rendered":"<p>Par d\u00e9cret gouvernemental n\u00b0 2019-351 du 10 avril 2019. Madame et Messieurs ci-apr\u00e8s cit\u00e9s sont d\u00e9sign\u00e9s membres de l&rsquo;instance sup\u00e9rieure des finances locales : &#8211; Amel Elloumi Baouab, juge financier : pr\u00e9sidente, &#8211; Fay\u00e7al Kazez, repr\u00e9sentant du minist\u00e8re charg\u00e9 des affaires locales : membre, &#8211; Mohamed Lazhar Mazigh, repr\u00e9sentant du minist\u00e8re des finances : membre, &hellip;<\/p>\n","protected":false},"author":5,"featured_media":0,"comment_status":"closed","ping_status":"closed","sticky":false,"template":"","format":"standard","meta":[],"categories":[83],"tags":[],"yoast_head":"<!-- This site is optimized with the Yoast SEO plugin v16.3 - https:\/\/yoast.com\/wordpress\/plugins\/seo\/ -->\n<title>D\u00e9cret gouvernemental n\u00b0 2019-351 du 10 avril 2019. - \u0628\u0648\u0627\u0628\u0629 \u0627\u0644\u062c\u0645\u0627\u0639\u0627\u062a \u0627\u0644\u0645\u062d\u0644\u064a\u0629<\/title>\n<meta name=\"robots\" content=\"index, follow, max-snippet:-1, max-image-preview:large, max-video-preview:-1\" \/>\n<link rel=\"canonical\" href=\"http:\/\/www.collectiviteslocales.gov.tn\/fr\/2019\/11\/13\/decret-gouvernemental-n-2019-351-du-10-avril-2019\/\" \/>\n<meta property=\"og:locale\" content=\"fr_FR\" \/>\n<meta property=\"og:type\" content=\"article\" \/>\n<meta property=\"og:title\" content=\"D\u00e9cret gouvernemental n\u00b0 2019-351 du 10 avril 2019. - \u0628\u0648\u0627\u0628\u0629 \u0627\u0644\u062c\u0645\u0627\u0639\u0627\u062a \u0627\u0644\u0645\u062d\u0644\u064a\u0629\" \/>\n<meta property=\"og:description\" content=\"Par d\u00e9cret gouvernemental n\u00b0 2019-351 du 10 avril 2019. Madame et Messieurs ci-apr\u00e8s cit\u00e9s sont d\u00e9sign\u00e9s membres de l&rsquo;instance sup\u00e9rieure des finances locales : &#8211; Amel Elloumi Baouab, juge financier : pr\u00e9sidente, &#8211; Fay\u00e7al Kazez, repr\u00e9sentant du minist\u00e8re charg\u00e9 des affaires locales : membre, &#8211; Mohamed Lazhar Mazigh, repr\u00e9sentant du minist\u00e8re des finances : membre, &hellip;\" \/>\n<meta property=\"og:url\" content=\"http:\/\/www.collectiviteslocales.gov.tn\/fr\/2019\/11\/13\/decret-gouvernemental-n-2019-351-du-10-avril-2019\/\" \/>\n<meta property=\"og:site_name\" content=\"\u0628\u0648\u0627\u0628\u0629 \u0627\u0644\u062c\u0645\u0627\u0639\u0627\u062a \u0627\u0644\u0645\u062d\u0644\u064a\u0629\" \/>\n<meta property=\"article:published_time\" content=\"2019-11-13T13:31:39+00:00\" \/>\n<meta property=\"article:modified_time\" content=\"2019-11-13T16:02:30+00:00\" \/>\n<meta name=\"twitter:card\" content=\"summary_large_image\" \/>\n<meta name=\"twitter:label1\" content=\"Dur\u00e9e de lecture est.\">\n\t<meta name=\"twitter:data1\" content=\"1 minute\">\n<script type=\"application\/ld+json\" class=\"yoast-schema-graph\">{\"@context\":\"https:\/\/schema.org\",\"@graph\":[{\"@type\":\"WebSite\",\"@id\":\"http:\/\/www.collectiviteslocales.gov.tn\/#website\",\"url\":\"http:\/\/www.collectiviteslocales.gov.tn\/\",\"name\":\"\\u0628\\u0648\\u0627\\u0628\\u0629 \\u0627\\u0644\\u062c\\u0645\\u0627\\u0639\\u0627\\u062a \\u0627\\u0644\\u0645\\u062d\\u0644\\u064a\\u0629\",\"description\":\"\\u0628\\u0648\\u0627\\u0628\\u0629 \\u0627\\u0644\\u062c\\u0645\\u0627\\u0639\\u0627\\u062a \\u0627\\u0644\\u0645\\u062d\\u0644\\u064a\\u0629\",\"potentialAction\":[{\"@type\":\"SearchAction\",\"target\":\"http:\/\/www.collectiviteslocales.gov.tn\/?s={search_term_string}\",\"query-input\":\"required name=search_term_string\"}],\"inLanguage\":\"fr-FR\"},{\"@type\":\"WebPage\",\"@id\":\"http:\/\/www.collectiviteslocales.gov.tn\/fr\/2019\/11\/13\/decret-gouvernemental-n-2019-351-du-10-avril-2019\/#webpage\",\"url\":\"http:\/\/www.collectiviteslocales.gov.tn\/fr\/2019\/11\/13\/decret-gouvernemental-n-2019-351-du-10-avril-2019\/\",\"name\":\"D\\u00e9cret gouvernemental n\\u00b0 2019-351 du 10 avril 2019. - \\u0628\\u0648\\u0627\\u0628\\u0629 \\u0627\\u0644\\u062c\\u0645\\u0627\\u0639\\u0627\\u062a \\u0627\\u0644\\u0645\\u062d\\u0644\\u064a\\u0629\",\"isPartOf\":{\"@id\":\"http:\/\/www.collectiviteslocales.gov.tn\/#website\"},\"datePublished\":\"2019-11-13T13:31:39+00:00\",\"dateModified\":\"2019-11-13T16:02:30+00:00\",\"author\":{\"@id\":\"http:\/\/www.collectiviteslocales.gov.tn\/#\/schema\/person\/205875e44a0f20b1eb6f68da6e5ebd0a\"},\"breadcrumb\":{\"@id\":\"http:\/\/www.collectiviteslocales.gov.tn\/fr\/2019\/11\/13\/decret-gouvernemental-n-2019-351-du-10-avril-2019\/#breadcrumb\"},\"inLanguage\":\"fr-FR\",\"potentialAction\":[{\"@type\":\"ReadAction\",\"target\":[\"http:\/\/www.collectiviteslocales.gov.tn\/fr\/2019\/11\/13\/decret-gouvernemental-n-2019-351-du-10-avril-2019\/\"]}]},{\"@type\":\"BreadcrumbList\",\"@id\":\"http:\/\/www.collectiviteslocales.gov.tn\/fr\/2019\/11\/13\/decret-gouvernemental-n-2019-351-du-10-avril-2019\/#breadcrumb\",\"itemListElement\":[{\"@type\":\"ListItem\",\"position\":1,\"item\":{\"@type\":\"WebPage\",\"@id\":\"http:\/\/www.collectiviteslocales.gov.tn\/\",\"url\":\"http:\/\/www.collectiviteslocales.gov.tn\/\",\"name\":\"Accueil\"}},{\"@type\":\"ListItem\",\"position\":2,\"item\":{\"@id\":\"http:\/\/www.collectiviteslocales.gov.tn\/fr\/2019\/11\/13\/decret-gouvernemental-n-2019-351-du-10-avril-2019\/#webpage\"}}]},{\"@type\":\"Person\",\"@id\":\"http:\/\/www.collectiviteslocales.gov.tn\/#\/schema\/person\/205875e44a0f20b1eb6f68da6e5ebd0a\",\"name\":\"baccaraamal\"}]}<\/script>\n<!-- \/ Yoast SEO plugin. -->","_links":{"self":[{"href":"http:\/\/www.collectiviteslocales.gov.tn\/fr\/wp-json\/wp\/v2\/posts\/3466"}],"collection":[{"href":"http:\/\/www.collectiviteslocales.gov.tn\/fr\/wp-json\/wp\/v2\/posts"}],"about":[{"href":"http:\/\/www.collectiviteslocales.gov.tn\/fr\/wp-json\/wp\/v2\/types\/post"}],"author":[{"embeddable":true,"href":"http:\/\/www.collectiviteslocales.gov.tn\/fr\/wp-json\/wp\/v2\/users\/5"}],"replies":[{"embeddable":true,"href":"http:\/\/www.collectiviteslocales.gov.tn\/fr\/wp-json\/wp\/v2\/comments?post=3466"}],"version-history":[{"count":1,"href":"http:\/\/www.collectiviteslocales.gov.tn\/fr\/wp-json\/wp\/v2\/posts\/3466\/revisions"}],"predecessor-version":[{"id":3467,"href":"http:\/\/www.collectiviteslocales.gov.tn\/fr\/wp-json\/wp\/v2\/posts\/3466\/revisions\/3467"}],"wp:attachment":[{"href":"http:\/\/www.collectiviteslocales.gov.tn\/fr\/wp-json\/wp\/v2\/media?parent=3466"}],"wp:term":[{"taxonomy":"category","embeddable":true,"href":"http:\/\/www.collectiviteslocales.gov.tn\/fr\/wp-json\/wp\/v2\/categories?post=3466"},{"taxonomy":"post_tag","embeddable":true,"href":"http:\/\/www.collectiviteslocales.gov.tn\/fr\/wp-json\/wp\/v2\/tags?post=3466"}],"curies":[{"name":"wp","href":"https:\/\/api.w.org\/{rel}","templated":true}]}}