{"id":4269,"date":"2019-12-22T21:50:16","date_gmt":"2019-12-22T20:50:16","guid":{"rendered":"http:\/\/www.collectiviteslocales.gov.tn\/?p=4269"},"modified":"2019-12-23T11:24:43","modified_gmt":"2019-12-23T10:24:43","slug":"democratie-participative-fin-des-consultations","status":"publish","type":"post","link":"http:\/\/www.collectiviteslocales.gov.tn\/fr\/2019\/12\/22\/democratie-participative-fin-des-consultations\/","title":{"rendered":"D\u00e9mocratie participative : Fin des consultations"},"content":{"rendered":"\n<h5 class=\"has-vivid-red-color has-text-color\">D\u00e9mocratie participative : Fin des consultations sur le projet gouvernemental fixant un r\u00e9gime-type des m\u00e9canismes<\/h5>\n\n\n\n<figure class=\"wp-block-gallery columns-1 is-cropped\"><ul class=\"blocks-gallery-grid\"><li class=\"blocks-gallery-item\"><figure><img loading=\"lazy\" width=\"540\" height=\"281\" src=\"http:\/\/www.collectiviteslocales.gov.tn\/wp-content\/uploads\/2019\/12\/safe_image.jpg\" alt=\"\" data-id=\"4271\" data-full-url=\"http:\/\/www.collectiviteslocales.gov.tn\/wp-content\/uploads\/2019\/12\/safe_image.jpg\" data-link=\"http:\/\/www.collectiviteslocales.gov.tn\/fr\/democratie-participative-fin-des-consultations\/safe_image\/\" class=\"wp-image-4271\" srcset=\"http:\/\/www.collectiviteslocales.gov.tn\/wp-content\/uploads\/2019\/12\/safe_image.jpg 540w, http:\/\/www.collectiviteslocales.gov.tn\/wp-content\/uploads\/2019\/12\/safe_image-300x156.jpg 300w\" sizes=\"(max-width: 540px) 100vw, 540px\" \/><\/figure><\/li><\/ul><\/figure>\n\n\n\n<p>Le pr\u00e9sident de l\u2019Instance g\u00e9n\u00e9rale de prospection et d\u2019accompagnement du processus de d\u00e9centralisation au sein du minist\u00e8re des Affaires locales et de l\u2019Environnement, Mondher Bousnina, indique que le rapport relatif aux r\u00e9sultats des quatre consultations r\u00e9gionales sur le projet du d\u00e9cret gouvernemental fixant un r\u00e9gime-type des proc\u00e9d\u00e9s et modalit\u00e9s de la d\u00e9mocratie participative (article 29 du code des collectivit\u00e9s locales) sera publi\u00e9 au cours des deux semaines \u00e0 venir.<\/p>\n\n\n\n<p>Ces consultations qui ont eu lieu \u00e0 Tunis, Kairouan, Gafsa et Sfax visent essentiellement \u00e0 s\u2019inspirer des propositions et des observations des composantes de la soci\u00e9t\u00e9 civile au niveau local et national et des conseillers municipaux.<\/p>\n\n\n\n<p>Lors de l\u2019organisation, ce jeudi 19 d\u00e9cembre 2019, de la 4e et derni\u00e8re consultation r\u00e9gionale, Bousnina a expliqu\u00e9 que les consultations interviennent dans le cadre du d\u00e9veloppement et de la consolidation de la d\u00e9mocratie participative dans les collectivit\u00e9s locales, conform\u00e9ment \u00e0 l\u2019article 139 de la Constitution.<\/p>\n\n\n\n<p>Celui-ci dispose que \u201cles collectivit\u00e9s locales adoptent les m\u00e9canismes de la d\u00e9mocratie participative et les principes de la gouvernance ouverte, afin de garantir une plus large participation des citoyens et de la soci\u00e9t\u00e9 civile \u00e0 l\u2019\u00e9laboration des projets de d\u00e9veloppement et d\u2019am\u00e9nagement du territoire et le suivi de leur ex\u00e9cution, conform\u00e9ment \u00e0 la loi\u201d.<\/p>\n\n\n\n<p>Il a pr\u00e9cis\u00e9 que le projet du d\u00e9cret gouvernemental fixant un r\u00e9gime-type des m\u00e9canismes de la d\u00e9mocratie participative s\u2019inscrit dans le cadre de la mise en application des dispositions de l\u2019article 29 du Code des collectivit\u00e9s locales.<\/p>\n\n\n\n<p>Cet article pr\u00e9voit l\u2019adoption des m\u00e9canismes de la d\u00e9mocratie participative concernant les programmes de d\u00e9veloppement et de d\u2019am\u00e9nagement territorial. Il permet, aussi, aux habitants et aux composantes de la soci\u00e9t\u00e9 civile de participer activement dans la mise en place et l\u2019\u00e9valuation de ces programmes.<\/p>\n\n\n\n<p>Selon Moez Attia, activiste de la soci\u00e9t\u00e9 civile, la principale observation pouvant \u00eatre d\u00e9duite de ces quatre consultations est la n\u00e9cessit\u00e9 de cr\u00e9er un \u00e9quilibre entre les conseils municipaux \u00e9lus -qui estiment qu\u2019ils d\u00e9tiennent le pouvoir de d\u00e9cision- et les composantes de la soci\u00e9t\u00e9 civile -qui r\u00e9clament d\u2019\u00eatre plus impliqu\u00e9es dans la prise de d\u00e9cision.<\/p>\n\n\n\n<p>Lundi 16 courant, la Conf\u00e9d\u00e9ration tunisienne des maires avait appel\u00e9 ses adh\u00e9rents \u00e0 boycotter les conf\u00e9rences et s\u00e9minaires pr\u00e9vus par le minist\u00e8re des Affaires locales et de l\u2019Environnement au sujet du d\u00e9cret gouvernemental sur les m\u00e9canismes de la d\u00e9mocratie participative.<\/p>\n","protected":false},"excerpt":{"rendered":"<p>D\u00e9mocratie participative : Fin des consultations sur le projet gouvernemental fixant un r\u00e9gime-type des m\u00e9canismes Le pr\u00e9sident de l\u2019Instance g\u00e9n\u00e9rale de prospection et d\u2019accompagnement du processus de d\u00e9centralisation au sein du minist\u00e8re des Affaires locales et de l\u2019Environnement, Mondher Bousnina, indique que le rapport relatif aux r\u00e9sultats des quatre consultations r\u00e9gionales sur le projet du &hellip;<\/p>\n","protected":false},"author":5,"featured_media":4271,"comment_status":"closed","ping_status":"closed","sticky":true,"template":"","format":"standard","meta":[],"categories":[2,10,60],"tags":[],"yoast_head":"<!-- This site is optimized with the Yoast SEO plugin v16.3 - https:\/\/yoast.com\/wordpress\/plugins\/seo\/ -->\n<title>D\u00e9mocratie participative : Fin des consultations - \u0628\u0648\u0627\u0628\u0629 \u0627\u0644\u062c\u0645\u0627\u0639\u0627\u062a \u0627\u0644\u0645\u062d\u0644\u064a\u0629<\/title>\n<meta name=\"robots\" content=\"index, follow, max-snippet:-1, max-image-preview:large, max-video-preview:-1\" \/>\n<link rel=\"canonical\" href=\"http:\/\/www.collectiviteslocales.gov.tn\/fr\/2019\/12\/22\/\u0627\u0644\u0627\u0633\u062a\u0634\u0627\u0631\u0629-\u0627\u0644\u0625\u0642\u0644\u064a\u0645\u064a\u0629-\u0627\u0644\u0623\u062e\u064a\u0631\u0629-\u062d\u0648\u0644-\u0645\u0634\u0631\u0648\/\" \/>\n<meta property=\"og:locale\" content=\"fr_FR\" \/>\n<meta property=\"og:type\" content=\"article\" \/>\n<meta property=\"og:title\" content=\"D\u00e9mocratie participative : Fin des consultations - \u0628\u0648\u0627\u0628\u0629 \u0627\u0644\u062c\u0645\u0627\u0639\u0627\u062a \u0627\u0644\u0645\u062d\u0644\u064a\u0629\" \/>\n<meta property=\"og:description\" content=\"D\u00e9mocratie participative : Fin des consultations sur le projet gouvernemental fixant un r\u00e9gime-type des m\u00e9canismes Le pr\u00e9sident de l\u2019Instance g\u00e9n\u00e9rale de prospection et d\u2019accompagnement du processus de d\u00e9centralisation au sein du minist\u00e8re des Affaires locales et de l\u2019Environnement, Mondher Bousnina, indique que le rapport relatif aux r\u00e9sultats des quatre consultations r\u00e9gionales sur le projet du &hellip;\" \/>\n<meta property=\"og:url\" content=\"http:\/\/www.collectiviteslocales.gov.tn\/2019\/12\/22\/\u0627\u0644\u0627\u0633\u062a\u0634\u0627\u0631\u0629-\u0627\u0644\u0625\u0642\u0644\u064a\u0645\u064a\u0629-\u0627\u0644\u0623\u062e\u064a\u0631\u0629-\u062d\u0648\u0644-\u0645\u0634\u0631\u0648\/\" \/>\n<meta property=\"og:site_name\" content=\"\u0628\u0648\u0627\u0628\u0629 \u0627\u0644\u062c\u0645\u0627\u0639\u0627\u062a \u0627\u0644\u0645\u062d\u0644\u064a\u0629\" \/>\n<meta property=\"article:published_time\" content=\"2019-12-22T20:50:16+00:00\" \/>\n<meta property=\"article:modified_time\" content=\"2019-12-23T10:24:43+00:00\" \/>\n<meta property=\"og:image\" content=\"http:\/\/www.collectiviteslocales.gov.tn\/wp-content\/uploads\/2019\/12\/safe_image.jpg\" \/>\n\t<meta property=\"og:image:width\" content=\"540\" \/>\n\t<meta property=\"og:image:height\" content=\"281\" \/>\n<meta name=\"twitter:card\" content=\"summary_large_image\" \/>\n<meta name=\"twitter:label1\" content=\"Dur\u00e9e de lecture est.\">\n\t<meta name=\"twitter:data1\" content=\"2 minutes\">\n<script type=\"application\/ld+json\" class=\"yoast-schema-graph\">{\"@context\":\"https:\/\/schema.org\",\"@graph\":[{\"@type\":\"WebSite\",\"@id\":\"http:\/\/www.collectiviteslocales.gov.tn\/#website\",\"url\":\"http:\/\/www.collectiviteslocales.gov.tn\/\",\"name\":\"\\u0628\\u0648\\u0627\\u0628\\u0629 \\u0627\\u0644\\u062c\\u0645\\u0627\\u0639\\u0627\\u062a \\u0627\\u0644\\u0645\\u062d\\u0644\\u064a\\u0629\",\"description\":\"\\u0628\\u0648\\u0627\\u0628\\u0629 \\u0627\\u0644\\u062c\\u0645\\u0627\\u0639\\u0627\\u062a \\u0627\\u0644\\u0645\\u062d\\u0644\\u064a\\u0629\",\"potentialAction\":[{\"@type\":\"SearchAction\",\"target\":\"http:\/\/www.collectiviteslocales.gov.tn\/?s={search_term_string}\",\"query-input\":\"required name=search_term_string\"}],\"inLanguage\":\"fr-FR\"},{\"@type\":\"ImageObject\",\"@id\":\"http:\/\/www.collectiviteslocales.gov.tn\/2019\/12\/22\/%d8%a7%d9%84%d8%a7%d8%b3%d8%aa%d8%b4%d8%a7%d8%b1%d8%a9-%d8%a7%d9%84%d8%a5%d9%82%d9%84%d9%8a%d9%85%d9%8a%d8%a9-%d8%a7%d9%84%d8%a3%d8%ae%d9%8a%d8%b1%d8%a9-%d8%ad%d9%88%d9%84-%d9%85%d8%b4%d8%b1%d9%88\/#primaryimage\",\"inLanguage\":\"fr-FR\",\"url\":\"http:\/\/www.collectiviteslocales.gov.tn\/wp-content\/uploads\/2019\/12\/safe_image.jpg\",\"contentUrl\":\"http:\/\/www.collectiviteslocales.gov.tn\/wp-content\/uploads\/2019\/12\/safe_image.jpg\",\"width\":540,\"height\":281},{\"@type\":\"WebPage\",\"@id\":\"http:\/\/www.collectiviteslocales.gov.tn\/2019\/12\/22\/%d8%a7%d9%84%d8%a7%d8%b3%d8%aa%d8%b4%d8%a7%d8%b1%d8%a9-%d8%a7%d9%84%d8%a5%d9%82%d9%84%d9%8a%d9%85%d9%8a%d8%a9-%d8%a7%d9%84%d8%a3%d8%ae%d9%8a%d8%b1%d8%a9-%d8%ad%d9%88%d9%84-%d9%85%d8%b4%d8%b1%d9%88\/#webpage\",\"url\":\"http:\/\/www.collectiviteslocales.gov.tn\/2019\/12\/22\/%d8%a7%d9%84%d8%a7%d8%b3%d8%aa%d8%b4%d8%a7%d8%b1%d8%a9-%d8%a7%d9%84%d8%a5%d9%82%d9%84%d9%8a%d9%85%d9%8a%d8%a9-%d8%a7%d9%84%d8%a3%d8%ae%d9%8a%d8%b1%d8%a9-%d8%ad%d9%88%d9%84-%d9%85%d8%b4%d8%b1%d9%88\/\",\"name\":\"D\\u00e9mocratie participative : Fin des consultations - \\u0628\\u0648\\u0627\\u0628\\u0629 \\u0627\\u0644\\u062c\\u0645\\u0627\\u0639\\u0627\\u062a \\u0627\\u0644\\u0645\\u062d\\u0644\\u064a\\u0629\",\"isPartOf\":{\"@id\":\"http:\/\/www.collectiviteslocales.gov.tn\/#website\"},\"primaryImageOfPage\":{\"@id\":\"http:\/\/www.collectiviteslocales.gov.tn\/2019\/12\/22\/%d8%a7%d9%84%d8%a7%d8%b3%d8%aa%d8%b4%d8%a7%d8%b1%d8%a9-%d8%a7%d9%84%d8%a5%d9%82%d9%84%d9%8a%d9%85%d9%8a%d8%a9-%d8%a7%d9%84%d8%a3%d8%ae%d9%8a%d8%b1%d8%a9-%d8%ad%d9%88%d9%84-%d9%85%d8%b4%d8%b1%d9%88\/#primaryimage\"},\"datePublished\":\"2019-12-22T20:50:16+00:00\",\"dateModified\":\"2019-12-23T10:24:43+00:00\",\"author\":{\"@id\":\"http:\/\/www.collectiviteslocales.gov.tn\/#\/schema\/person\/205875e44a0f20b1eb6f68da6e5ebd0a\"},\"breadcrumb\":{\"@id\":\"http:\/\/www.collectiviteslocales.gov.tn\/2019\/12\/22\/%d8%a7%d9%84%d8%a7%d8%b3%d8%aa%d8%b4%d8%a7%d8%b1%d8%a9-%d8%a7%d9%84%d8%a5%d9%82%d9%84%d9%8a%d9%85%d9%8a%d8%a9-%d8%a7%d9%84%d8%a3%d8%ae%d9%8a%d8%b1%d8%a9-%d8%ad%d9%88%d9%84-%d9%85%d8%b4%d8%b1%d9%88\/#breadcrumb\"},\"inLanguage\":\"fr-FR\",\"potentialAction\":[{\"@type\":\"ReadAction\",\"target\":[\"http:\/\/www.collectiviteslocales.gov.tn\/2019\/12\/22\/%d8%a7%d9%84%d8%a7%d8%b3%d8%aa%d8%b4%d8%a7%d8%b1%d8%a9-%d8%a7%d9%84%d8%a5%d9%82%d9%84%d9%8a%d9%85%d9%8a%d8%a9-%d8%a7%d9%84%d8%a3%d8%ae%d9%8a%d8%b1%d8%a9-%d8%ad%d9%88%d9%84-%d9%85%d8%b4%d8%b1%d9%88\/\"]}]},{\"@type\":\"BreadcrumbList\",\"@id\":\"http:\/\/www.collectiviteslocales.gov.tn\/2019\/12\/22\/%d8%a7%d9%84%d8%a7%d8%b3%d8%aa%d8%b4%d8%a7%d8%b1%d8%a9-%d8%a7%d9%84%d8%a5%d9%82%d9%84%d9%8a%d9%85%d9%8a%d8%a9-%d8%a7%d9%84%d8%a3%d8%ae%d9%8a%d8%b1%d8%a9-%d8%ad%d9%88%d9%84-%d9%85%d8%b4%d8%b1%d9%88\/#breadcrumb\",\"itemListElement\":[{\"@type\":\"ListItem\",\"position\":1,\"item\":{\"@type\":\"WebPage\",\"@id\":\"http:\/\/www.collectiviteslocales.gov.tn\/\",\"url\":\"http:\/\/www.collectiviteslocales.gov.tn\/\",\"name\":\"Accueil\"}},{\"@type\":\"ListItem\",\"position\":2,\"item\":{\"@id\":\"http:\/\/www.collectiviteslocales.gov.tn\/2019\/12\/22\/%d8%a7%d9%84%d8%a7%d8%b3%d8%aa%d8%b4%d8%a7%d8%b1%d8%a9-%d8%a7%d9%84%d8%a5%d9%82%d9%84%d9%8a%d9%85%d9%8a%d8%a9-%d8%a7%d9%84%d8%a3%d8%ae%d9%8a%d8%b1%d8%a9-%d8%ad%d9%88%d9%84-%d9%85%d8%b4%d8%b1%d9%88\/#webpage\"}}]},{\"@type\":\"Person\",\"@id\":\"http:\/\/www.collectiviteslocales.gov.tn\/#\/schema\/person\/205875e44a0f20b1eb6f68da6e5ebd0a\",\"name\":\"baccaraamal\"}]}<\/script>\n<!-- \/ Yoast SEO plugin. -->","_links":{"self":[{"href":"http:\/\/www.collectiviteslocales.gov.tn\/fr\/wp-json\/wp\/v2\/posts\/4269"}],"collection":[{"href":"http:\/\/www.collectiviteslocales.gov.tn\/fr\/wp-json\/wp\/v2\/posts"}],"about":[{"href":"http:\/\/www.collectiviteslocales.gov.tn\/fr\/wp-json\/wp\/v2\/types\/post"}],"author":[{"embeddable":true,"href":"http:\/\/www.collectiviteslocales.gov.tn\/fr\/wp-json\/wp\/v2\/users\/5"}],"replies":[{"embeddable":true,"href":"http:\/\/www.collectiviteslocales.gov.tn\/fr\/wp-json\/wp\/v2\/comments?post=4269"}],"version-history":[{"count":3,"href":"http:\/\/www.collectiviteslocales.gov.tn\/fr\/wp-json\/wp\/v2\/posts\/4269\/revisions"}],"predecessor-version":[{"id":4292,"href":"http:\/\/www.collectiviteslocales.gov.tn\/fr\/wp-json\/wp\/v2\/posts\/4269\/revisions\/4292"}],"wp:featuredmedia":[{"embeddable":true,"href":"http:\/\/www.collectiviteslocales.gov.tn\/fr\/wp-json\/wp\/v2\/media\/4271"}],"wp:attachment":[{"href":"http:\/\/www.collectiviteslocales.gov.tn\/fr\/wp-json\/wp\/v2\/media?parent=4269"}],"wp:term":[{"taxonomy":"category","embeddable":true,"href":"http:\/\/www.collectiviteslocales.gov.tn\/fr\/wp-json\/wp\/v2\/categories?post=4269"},{"taxonomy":"post_tag","embeddable":true,"href":"http:\/\/www.collectiviteslocales.gov.tn\/fr\/wp-json\/wp\/v2\/tags?post=4269"}],"curies":[{"name":"wp","href":"https:\/\/api.w.org\/{rel}","templated":true}]}}