{"id":6234,"date":"2020-03-26T12:48:19","date_gmt":"2020-03-26T11:48:19","guid":{"rendered":"http:\/\/www.collectiviteslocales.gov.tn\/?p=6234"},"modified":"2020-03-26T12:55:01","modified_gmt":"2020-03-26T11:55:01","slug":"decret-gouvernemental-n-2019-169-du-18-fevrier-2019-2","status":"publish","type":"post","link":"http:\/\/www.collectiviteslocales.gov.tn\/fr\/2020\/03\/26\/decret-gouvernemental-n-2019-169-du-18-fevrier-2019-2\/","title":{"rendered":"D\u00e9cret gouvernemental n\u00b0 2019-169 du 18 f\u00e9vrier 2019"},"content":{"rendered":"<p>D\u00e9cret gouvernemental n\u00b0 2019-169 du 18 f\u00e9vrier 2019, fixant le nombre des membres du comit\u00e9 provisoire de fonctionnement des communes.<br \/>\nLe chef du gouvernement,<br \/>\nSur proposition du ministre des affaires locales et de l&rsquo;environnement,<br \/>\nVu la constitution,<br \/>\nVu la loi organique n\u00b0 2018-29 du 9 mai 2018, relative au code des collectivit\u00e9s locales et notamment son article 208,<br \/>\nVu le d\u00e9cret gouvernemental n\u00b0 2016-365 du 18 mars 2016, portant cr\u00e9ation du minist\u00e8re des affaires locales et fixation de ses attributions,<br \/>\nVu le d\u00e9cret gouvernemental n\u00b0 2016-951 du 28 juillet 2016, relatif \u00e0 l\u2019organisation du minist\u00e8re des affaires locales,<br \/>\nVu le d\u00e9cret Pr\u00e9sidentiel n\u00b0 2016-107 du 27 ao\u00fbt 2016, portant nomination du chef du gouvernement et de ses membres,<br \/>\nVu le d\u00e9cret Pr\u00e9sidentiel n\u00b0 2017-124 du 12 septembre 2017, portant nomination de membres du gouvernement,<br \/>\nVu le d\u00e9cret Pr\u00e9sidentiel n\u00b0 2017-247 du 25 novembre 2017, portant nomination de membres du gouvernement,<br \/>\nVu le d\u00e9cret Pr\u00e9sidentiel n\u00b0 2018-69 du 30 juillet 2018, portant nomination d&rsquo;un membre du gouvernement,<br \/>\nVu le d\u00e9cret Pr\u00e9sidentiel n\u00b0 2018-125 du 14 novembre 2018, portant nomination de membres du gouvernement,<br \/>\nVu l&rsquo;avis du tribunal administratif,<br \/>\nPrend le d\u00e9cret gouvernemental dont la teneur suit :<br \/>\nArticle premier &#8211; Le nombre des membres des comit\u00e9s provisoires de fonctionnement des communes est fix\u00e9 sur la base du nombre d&rsquo;habitants des communes conform\u00e9ment au dernier recensement officiel \u00e0 la date d\u2019entr\u00e9e en vigueur du d\u00e9cret gouvernemental relatif \u00e0 la cr\u00e9ation du comit\u00e9 provisoire de fonctionnement de la commune suivant le tableau ci-apr\u00e8s :<\/p>\n<p>Nombre d&rsquo;habitants Nombre des membres du comit\u00e9 provisoire de fonctionnement des communes<br \/>\n-10000 10<br \/>\n10000 \u00e0 25000 12<br \/>\n25001 \u00e0 50000 14<br \/>\n50001 \u00e0 100000 16<br \/>\n100001 \u00e0 200000 18<br \/>\n200001 \u00e0 300000 20<br \/>\n300001 \u00e0 400000 22<br \/>\n400001 \u00e0 500000 24<br \/>\n+ 500000 26<\/p>\n<p>Art. 2 &#8211; La liste des membres du comit\u00e9 provisoire de fonctionnement de la commune est fix\u00e9e selon le principe de la parit\u00e9 de la femme et de l&rsquo;Homme.<br \/>\nLa liste doit comprendre au moins trois membres dont l&rsquo;\u00e2ge ne doit d\u00e9passer les trente cinq ans et un membre porteur d&rsquo;un handicap physique, titulaire d&rsquo;une carte de handicap\u00e9 sauf cas d&rsquo;impossibilit\u00e9 absolue.<br \/>\nArt. 3 &#8211; Le ministre des affaires locales est charg\u00e9 de l&rsquo;application du pr\u00e9sent d\u00e9cret gouvernemental qui sera publi\u00e9 au Journal Officiel de la R\u00e9publique Tunisienne.<br \/>\nTunis, le 18 f\u00e9vrier 2019.<\/p>\n<p>Pour Contreseing<br \/>\nLe ministre des affaires locales et de l\u2019environnement<br \/>\nMokhtar Hammemi Le Chef du Gouvernement<br \/>\nYoussef Chahed<\/p>\n","protected":false},"excerpt":{"rendered":"<p>D\u00e9cret gouvernemental n\u00b0 2019-169 du 18 f\u00e9vrier 2019, fixant le nombre des membres du comit\u00e9 provisoire de fonctionnement des communes. Le chef du gouvernement, Sur proposition du ministre des affaires locales et de l&rsquo;environnement, Vu la constitution, Vu la loi organique n\u00b0 2018-29 du 9 mai 2018, relative au code des collectivit\u00e9s locales et notamment &hellip;<\/p>\n","protected":false},"author":5,"featured_media":0,"comment_status":"closed","ping_status":"closed","sticky":true,"template":"","format":"standard","meta":[],"categories":[84,83],"tags":[],"yoast_head":"<!-- This site is optimized with the Yoast SEO plugin v16.3 - https:\/\/yoast.com\/wordpress\/plugins\/seo\/ -->\n<title>D\u00e9cret gouvernemental n\u00b0 2019-169 du 18 f\u00e9vrier 2019 - \u0628\u0648\u0627\u0628\u0629 \u0627\u0644\u062c\u0645\u0627\u0639\u0627\u062a \u0627\u0644\u0645\u062d\u0644\u064a\u0629<\/title>\n<meta name=\"robots\" content=\"index, follow, max-snippet:-1, max-image-preview:large, max-video-preview:-1\" \/>\n<link rel=\"canonical\" href=\"http:\/\/www.collectiviteslocales.gov.tn\/fr\/2020\/03\/26\/decret-gouvernemental-n-2019-169-du-18-fevrier-2019-2\/\" \/>\n<meta property=\"og:locale\" content=\"fr_FR\" \/>\n<meta property=\"og:type\" content=\"article\" \/>\n<meta property=\"og:title\" content=\"D\u00e9cret gouvernemental n\u00b0 2019-169 du 18 f\u00e9vrier 2019 - \u0628\u0648\u0627\u0628\u0629 \u0627\u0644\u062c\u0645\u0627\u0639\u0627\u062a \u0627\u0644\u0645\u062d\u0644\u064a\u0629\" \/>\n<meta property=\"og:description\" content=\"D\u00e9cret gouvernemental n\u00b0 2019-169 du 18 f\u00e9vrier 2019, fixant le nombre des membres du comit\u00e9 provisoire de fonctionnement des communes. Le chef du gouvernement, Sur proposition du ministre des affaires locales et de l&rsquo;environnement, Vu la constitution, Vu la loi organique n\u00b0 2018-29 du 9 mai 2018, relative au code des collectivit\u00e9s locales et notamment &hellip;\" \/>\n<meta property=\"og:url\" content=\"http:\/\/www.collectiviteslocales.gov.tn\/fr\/2020\/03\/26\/decret-gouvernemental-n-2019-169-du-18-fevrier-2019-2\/\" \/>\n<meta property=\"og:site_name\" content=\"\u0628\u0648\u0627\u0628\u0629 \u0627\u0644\u062c\u0645\u0627\u0639\u0627\u062a \u0627\u0644\u0645\u062d\u0644\u064a\u0629\" \/>\n<meta property=\"article:published_time\" content=\"2020-03-26T11:48:19+00:00\" \/>\n<meta property=\"article:modified_time\" content=\"2020-03-26T11:55:01+00:00\" \/>\n<meta name=\"twitter:card\" content=\"summary_large_image\" \/>\n<meta name=\"twitter:label1\" content=\"Dur\u00e9e de lecture est.\">\n\t<meta name=\"twitter:data1\" content=\"2 minutes\">\n<script type=\"application\/ld+json\" class=\"yoast-schema-graph\">{\"@context\":\"https:\/\/schema.org\",\"@graph\":[{\"@type\":\"WebSite\",\"@id\":\"http:\/\/www.collectiviteslocales.gov.tn\/#website\",\"url\":\"http:\/\/www.collectiviteslocales.gov.tn\/\",\"name\":\"\\u0628\\u0648\\u0627\\u0628\\u0629 \\u0627\\u0644\\u062c\\u0645\\u0627\\u0639\\u0627\\u062a \\u0627\\u0644\\u0645\\u062d\\u0644\\u064a\\u0629\",\"description\":\"\\u0628\\u0648\\u0627\\u0628\\u0629 \\u0627\\u0644\\u062c\\u0645\\u0627\\u0639\\u0627\\u062a \\u0627\\u0644\\u0645\\u062d\\u0644\\u064a\\u0629\",\"potentialAction\":[{\"@type\":\"SearchAction\",\"target\":\"http:\/\/www.collectiviteslocales.gov.tn\/?s={search_term_string}\",\"query-input\":\"required name=search_term_string\"}],\"inLanguage\":\"fr-FR\"},{\"@type\":\"WebPage\",\"@id\":\"http:\/\/www.collectiviteslocales.gov.tn\/fr\/2020\/03\/26\/decret-gouvernemental-n-2019-169-du-18-fevrier-2019-2\/#webpage\",\"url\":\"http:\/\/www.collectiviteslocales.gov.tn\/fr\/2020\/03\/26\/decret-gouvernemental-n-2019-169-du-18-fevrier-2019-2\/\",\"name\":\"D\\u00e9cret gouvernemental n\\u00b0 2019-169 du 18 f\\u00e9vrier 2019 - \\u0628\\u0648\\u0627\\u0628\\u0629 \\u0627\\u0644\\u062c\\u0645\\u0627\\u0639\\u0627\\u062a \\u0627\\u0644\\u0645\\u062d\\u0644\\u064a\\u0629\",\"isPartOf\":{\"@id\":\"http:\/\/www.collectiviteslocales.gov.tn\/#website\"},\"datePublished\":\"2020-03-26T11:48:19+00:00\",\"dateModified\":\"2020-03-26T11:55:01+00:00\",\"author\":{\"@id\":\"http:\/\/www.collectiviteslocales.gov.tn\/#\/schema\/person\/205875e44a0f20b1eb6f68da6e5ebd0a\"},\"breadcrumb\":{\"@id\":\"http:\/\/www.collectiviteslocales.gov.tn\/fr\/2020\/03\/26\/decret-gouvernemental-n-2019-169-du-18-fevrier-2019-2\/#breadcrumb\"},\"inLanguage\":\"fr-FR\",\"potentialAction\":[{\"@type\":\"ReadAction\",\"target\":[\"http:\/\/www.collectiviteslocales.gov.tn\/fr\/2020\/03\/26\/decret-gouvernemental-n-2019-169-du-18-fevrier-2019-2\/\"]}]},{\"@type\":\"BreadcrumbList\",\"@id\":\"http:\/\/www.collectiviteslocales.gov.tn\/fr\/2020\/03\/26\/decret-gouvernemental-n-2019-169-du-18-fevrier-2019-2\/#breadcrumb\",\"itemListElement\":[{\"@type\":\"ListItem\",\"position\":1,\"item\":{\"@type\":\"WebPage\",\"@id\":\"http:\/\/www.collectiviteslocales.gov.tn\/\",\"url\":\"http:\/\/www.collectiviteslocales.gov.tn\/\",\"name\":\"Accueil\"}},{\"@type\":\"ListItem\",\"position\":2,\"item\":{\"@id\":\"http:\/\/www.collectiviteslocales.gov.tn\/fr\/2020\/03\/26\/decret-gouvernemental-n-2019-169-du-18-fevrier-2019-2\/#webpage\"}}]},{\"@type\":\"Person\",\"@id\":\"http:\/\/www.collectiviteslocales.gov.tn\/#\/schema\/person\/205875e44a0f20b1eb6f68da6e5ebd0a\",\"name\":\"baccaraamal\"}]}<\/script>\n<!-- \/ Yoast SEO plugin. -->","_links":{"self":[{"href":"http:\/\/www.collectiviteslocales.gov.tn\/fr\/wp-json\/wp\/v2\/posts\/6234"}],"collection":[{"href":"http:\/\/www.collectiviteslocales.gov.tn\/fr\/wp-json\/wp\/v2\/posts"}],"about":[{"href":"http:\/\/www.collectiviteslocales.gov.tn\/fr\/wp-json\/wp\/v2\/types\/post"}],"author":[{"embeddable":true,"href":"http:\/\/www.collectiviteslocales.gov.tn\/fr\/wp-json\/wp\/v2\/users\/5"}],"replies":[{"embeddable":true,"href":"http:\/\/www.collectiviteslocales.gov.tn\/fr\/wp-json\/wp\/v2\/comments?post=6234"}],"version-history":[{"count":1,"href":"http:\/\/www.collectiviteslocales.gov.tn\/fr\/wp-json\/wp\/v2\/posts\/6234\/revisions"}],"predecessor-version":[{"id":6236,"href":"http:\/\/www.collectiviteslocales.gov.tn\/fr\/wp-json\/wp\/v2\/posts\/6234\/revisions\/6236"}],"wp:attachment":[{"href":"http:\/\/www.collectiviteslocales.gov.tn\/fr\/wp-json\/wp\/v2\/media?parent=6234"}],"wp:term":[{"taxonomy":"category","embeddable":true,"href":"http:\/\/www.collectiviteslocales.gov.tn\/fr\/wp-json\/wp\/v2\/categories?post=6234"},{"taxonomy":"post_tag","embeddable":true,"href":"http:\/\/www.collectiviteslocales.gov.tn\/fr\/wp-json\/wp\/v2\/tags?post=6234"}],"curies":[{"name":"wp","href":"https:\/\/api.w.org\/{rel}","templated":true}]}}