{"id":6259,"date":"2020-04-01T23:24:00","date_gmt":"2020-04-01T22:24:00","guid":{"rendered":"http:\/\/www.collectiviteslocales.gov.tn\/?p=6259"},"modified":"2020-04-05T00:57:35","modified_gmt":"2020-04-04T23:57:35","slug":"reunion-au-ministere-des-affaires-locales-sur-les-mesures-denterrement-des-victimes-du-covid-19","status":"publish","type":"post","link":"http:\/\/www.collectiviteslocales.gov.tn\/fr\/2020\/04\/01\/reunion-au-ministere-des-affaires-locales-sur-les-mesures-denterrement-des-victimes-du-covid-19\/","title":{"rendered":"R\u00e9union au Minist\u00e8re des Affaires Locales  sur les mesures d\u2019enterrement des victimes du covid 19+"},"content":{"rendered":"\n<figure class=\"wp-block-image size-large\"><img loading=\"lazy\" width=\"960\" height=\"640\" src=\"http:\/\/www.collectiviteslocales.gov.tn\/wp-content\/uploads\/2020\/04\/91918779_123491219260766_5892851428266868736_o.jpg\" alt=\"\" class=\"wp-image-6254\" srcset=\"http:\/\/www.collectiviteslocales.gov.tn\/wp-content\/uploads\/2020\/04\/91918779_123491219260766_5892851428266868736_o.jpg 960w, http:\/\/www.collectiviteslocales.gov.tn\/wp-content\/uploads\/2020\/04\/91918779_123491219260766_5892851428266868736_o-300x200.jpg 300w, http:\/\/www.collectiviteslocales.gov.tn\/wp-content\/uploads\/2020\/04\/91918779_123491219260766_5892851428266868736_o-768x512.jpg 768w\" sizes=\"(max-width: 960px) 100vw, 960px\" \/><\/figure>\n\n\n<p>Une r\u00e9union de travail a \u00e9t\u00e9 tenue, le mercredi 1 er avril 2020, au si\u00e8ge du Minist\u00e8re des Affaires Locales.<br>La r\u00e9union a \u00e9t\u00e9 pr\u00e9sid\u00e9e par le Chef du Cabinet du Ministre, en pr\u00e9sence des repr\u00e9sentants des minist\u00e8res:<br>-des Affaires Religieuses,<br>-de la D\u00e9fense,<br>-de la Sant\u00e9<br>-de l\u2019Int\u00e9rieur.<br>\nLa r\u00e9union a \u00e9t\u00e9 consacr\u00e9e \u00e0 l\u2019\u00e9tude des mesures \u00e0 prendre pour organiser les op\u00e9rations d\u2019enterrements des victimes du coronavirus.<\/p>","protected":false},"excerpt":{"rendered":"<p>Une r\u00e9union de travail a \u00e9t\u00e9 tenue, le mercredi 1 er avril 2020, au si\u00e8ge du Minist\u00e8re des Affaires Locales.La r\u00e9union a \u00e9t\u00e9 pr\u00e9sid\u00e9e par le Chef du Cabinet du Ministre, en pr\u00e9sence des repr\u00e9sentants des minist\u00e8res:-des Affaires Religieuses,-de la D\u00e9fense,-de la Sant\u00e9-de l\u2019Int\u00e9rieur. La r\u00e9union a \u00e9t\u00e9 consacr\u00e9e \u00e0 l\u2019\u00e9tude des mesures \u00e0 prendre &hellip;<\/p>\n","protected":false},"author":5,"featured_media":6254,"comment_status":"closed","ping_status":"closed","sticky":true,"template":"","format":"standard","meta":[],"categories":[2,10],"tags":[],"yoast_head":"<!-- This site is optimized with the Yoast SEO plugin v16.3 - https:\/\/yoast.com\/wordpress\/plugins\/seo\/ -->\n<title>R\u00e9union au Minist\u00e8re des Affaires Locales sur les mesures d\u2019enterrement des victimes du covid 19+ - \u0628\u0648\u0627\u0628\u0629 \u0627\u0644\u062c\u0645\u0627\u0639\u0627\u062a \u0627\u0644\u0645\u062d\u0644\u064a\u0629<\/title>\n<meta name=\"robots\" content=\"index, follow, max-snippet:-1, max-image-preview:large, max-video-preview:-1\" \/>\n<link rel=\"canonical\" href=\"http:\/\/www.collectiviteslocales.gov.tn\/fr\/2020\/04\/01\/reunion-au-ministere-des-affaires-locales-sur-les-mesures-denterrement-des-victimes-du-covid-19\/\" \/>\n<meta property=\"og:locale\" content=\"fr_FR\" \/>\n<meta property=\"og:type\" content=\"article\" \/>\n<meta property=\"og:title\" content=\"R\u00e9union au Minist\u00e8re des Affaires Locales sur les mesures d\u2019enterrement des victimes du covid 19+ - \u0628\u0648\u0627\u0628\u0629 \u0627\u0644\u062c\u0645\u0627\u0639\u0627\u062a \u0627\u0644\u0645\u062d\u0644\u064a\u0629\" \/>\n<meta property=\"og:description\" content=\"Une r\u00e9union de travail a \u00e9t\u00e9 tenue, le mercredi 1 er avril 2020, au si\u00e8ge du Minist\u00e8re des Affaires Locales.La r\u00e9union a \u00e9t\u00e9 pr\u00e9sid\u00e9e par le Chef du Cabinet du Ministre, en pr\u00e9sence des repr\u00e9sentants des minist\u00e8res:-des Affaires Religieuses,-de la D\u00e9fense,-de la Sant\u00e9-de l\u2019Int\u00e9rieur. La r\u00e9union a \u00e9t\u00e9 consacr\u00e9e \u00e0 l\u2019\u00e9tude des mesures \u00e0 prendre &hellip;\" \/>\n<meta property=\"og:url\" content=\"http:\/\/www.collectiviteslocales.gov.tn\/fr\/2020\/04\/01\/reunion-au-ministere-des-affaires-locales-sur-les-mesures-denterrement-des-victimes-du-covid-19\/\" \/>\n<meta property=\"og:site_name\" content=\"\u0628\u0648\u0627\u0628\u0629 \u0627\u0644\u062c\u0645\u0627\u0639\u0627\u062a \u0627\u0644\u0645\u062d\u0644\u064a\u0629\" \/>\n<meta property=\"article:published_time\" content=\"2020-04-01T22:24:00+00:00\" \/>\n<meta property=\"article:modified_time\" content=\"2020-04-04T23:57:35+00:00\" \/>\n<meta property=\"og:image\" content=\"http:\/\/www.collectiviteslocales.gov.tn\/wp-content\/uploads\/2020\/04\/91918779_123491219260766_5892851428266868736_o.jpg\" \/>\n\t<meta property=\"og:image:width\" content=\"960\" \/>\n\t<meta property=\"og:image:height\" content=\"640\" \/>\n<meta name=\"twitter:card\" content=\"summary_large_image\" \/>\n<script type=\"application\/ld+json\" class=\"yoast-schema-graph\">{\"@context\":\"https:\/\/schema.org\",\"@graph\":[{\"@type\":\"WebSite\",\"@id\":\"http:\/\/www.collectiviteslocales.gov.tn\/#website\",\"url\":\"http:\/\/www.collectiviteslocales.gov.tn\/\",\"name\":\"\\u0628\\u0648\\u0627\\u0628\\u0629 \\u0627\\u0644\\u062c\\u0645\\u0627\\u0639\\u0627\\u062a \\u0627\\u0644\\u0645\\u062d\\u0644\\u064a\\u0629\",\"description\":\"\\u0628\\u0648\\u0627\\u0628\\u0629 \\u0627\\u0644\\u062c\\u0645\\u0627\\u0639\\u0627\\u062a \\u0627\\u0644\\u0645\\u062d\\u0644\\u064a\\u0629\",\"potentialAction\":[{\"@type\":\"SearchAction\",\"target\":\"http:\/\/www.collectiviteslocales.gov.tn\/?s={search_term_string}\",\"query-input\":\"required name=search_term_string\"}],\"inLanguage\":\"fr-FR\"},{\"@type\":\"ImageObject\",\"@id\":\"http:\/\/www.collectiviteslocales.gov.tn\/fr\/2020\/04\/01\/reunion-au-ministere-des-affaires-locales-sur-les-mesures-denterrement-des-victimes-du-covid-19\/#primaryimage\",\"inLanguage\":\"fr-FR\",\"url\":\"http:\/\/www.collectiviteslocales.gov.tn\/wp-content\/uploads\/2020\/04\/91918779_123491219260766_5892851428266868736_o.jpg\",\"contentUrl\":\"http:\/\/www.collectiviteslocales.gov.tn\/wp-content\/uploads\/2020\/04\/91918779_123491219260766_5892851428266868736_o.jpg\",\"width\":960,\"height\":640},{\"@type\":\"WebPage\",\"@id\":\"http:\/\/www.collectiviteslocales.gov.tn\/fr\/2020\/04\/01\/reunion-au-ministere-des-affaires-locales-sur-les-mesures-denterrement-des-victimes-du-covid-19\/#webpage\",\"url\":\"http:\/\/www.collectiviteslocales.gov.tn\/fr\/2020\/04\/01\/reunion-au-ministere-des-affaires-locales-sur-les-mesures-denterrement-des-victimes-du-covid-19\/\",\"name\":\"R\\u00e9union au Minist\\u00e8re des Affaires Locales sur les mesures d\\u2019enterrement des victimes du covid 19+ - \\u0628\\u0648\\u0627\\u0628\\u0629 \\u0627\\u0644\\u062c\\u0645\\u0627\\u0639\\u0627\\u062a \\u0627\\u0644\\u0645\\u062d\\u0644\\u064a\\u0629\",\"isPartOf\":{\"@id\":\"http:\/\/www.collectiviteslocales.gov.tn\/#website\"},\"primaryImageOfPage\":{\"@id\":\"http:\/\/www.collectiviteslocales.gov.tn\/fr\/2020\/04\/01\/reunion-au-ministere-des-affaires-locales-sur-les-mesures-denterrement-des-victimes-du-covid-19\/#primaryimage\"},\"datePublished\":\"2020-04-01T22:24:00+00:00\",\"dateModified\":\"2020-04-04T23:57:35+00:00\",\"author\":{\"@id\":\"http:\/\/www.collectiviteslocales.gov.tn\/#\/schema\/person\/205875e44a0f20b1eb6f68da6e5ebd0a\"},\"breadcrumb\":{\"@id\":\"http:\/\/www.collectiviteslocales.gov.tn\/fr\/2020\/04\/01\/reunion-au-ministere-des-affaires-locales-sur-les-mesures-denterrement-des-victimes-du-covid-19\/#breadcrumb\"},\"inLanguage\":\"fr-FR\",\"potentialAction\":[{\"@type\":\"ReadAction\",\"target\":[\"http:\/\/www.collectiviteslocales.gov.tn\/fr\/2020\/04\/01\/reunion-au-ministere-des-affaires-locales-sur-les-mesures-denterrement-des-victimes-du-covid-19\/\"]}]},{\"@type\":\"BreadcrumbList\",\"@id\":\"http:\/\/www.collectiviteslocales.gov.tn\/fr\/2020\/04\/01\/reunion-au-ministere-des-affaires-locales-sur-les-mesures-denterrement-des-victimes-du-covid-19\/#breadcrumb\",\"itemListElement\":[{\"@type\":\"ListItem\",\"position\":1,\"item\":{\"@type\":\"WebPage\",\"@id\":\"http:\/\/www.collectiviteslocales.gov.tn\/\",\"url\":\"http:\/\/www.collectiviteslocales.gov.tn\/\",\"name\":\"Accueil\"}},{\"@type\":\"ListItem\",\"position\":2,\"item\":{\"@id\":\"http:\/\/www.collectiviteslocales.gov.tn\/fr\/2020\/04\/01\/reunion-au-ministere-des-affaires-locales-sur-les-mesures-denterrement-des-victimes-du-covid-19\/#webpage\"}}]},{\"@type\":\"Person\",\"@id\":\"http:\/\/www.collectiviteslocales.gov.tn\/#\/schema\/person\/205875e44a0f20b1eb6f68da6e5ebd0a\",\"name\":\"baccaraamal\"}]}<\/script>\n<!-- \/ Yoast SEO plugin. -->","_links":{"self":[{"href":"http:\/\/www.collectiviteslocales.gov.tn\/fr\/wp-json\/wp\/v2\/posts\/6259"}],"collection":[{"href":"http:\/\/www.collectiviteslocales.gov.tn\/fr\/wp-json\/wp\/v2\/posts"}],"about":[{"href":"http:\/\/www.collectiviteslocales.gov.tn\/fr\/wp-json\/wp\/v2\/types\/post"}],"author":[{"embeddable":true,"href":"http:\/\/www.collectiviteslocales.gov.tn\/fr\/wp-json\/wp\/v2\/users\/5"}],"replies":[{"embeddable":true,"href":"http:\/\/www.collectiviteslocales.gov.tn\/fr\/wp-json\/wp\/v2\/comments?post=6259"}],"version-history":[{"count":3,"href":"http:\/\/www.collectiviteslocales.gov.tn\/fr\/wp-json\/wp\/v2\/posts\/6259\/revisions"}],"predecessor-version":[{"id":6278,"href":"http:\/\/www.collectiviteslocales.gov.tn\/fr\/wp-json\/wp\/v2\/posts\/6259\/revisions\/6278"}],"wp:featuredmedia":[{"embeddable":true,"href":"http:\/\/www.collectiviteslocales.gov.tn\/fr\/wp-json\/wp\/v2\/media\/6254"}],"wp:attachment":[{"href":"http:\/\/www.collectiviteslocales.gov.tn\/fr\/wp-json\/wp\/v2\/media?parent=6259"}],"wp:term":[{"taxonomy":"category","embeddable":true,"href":"http:\/\/www.collectiviteslocales.gov.tn\/fr\/wp-json\/wp\/v2\/categories?post=6259"},{"taxonomy":"post_tag","embeddable":true,"href":"http:\/\/www.collectiviteslocales.gov.tn\/fr\/wp-json\/wp\/v2\/tags?post=6259"}],"curies":[{"name":"wp","href":"https:\/\/api.w.org\/{rel}","templated":true}]}}