{"id":6292,"date":"2020-04-06T10:45:32","date_gmt":"2020-04-06T09:45:32","guid":{"rendered":"http:\/\/www.collectiviteslocales.gov.tn\/?p=6292"},"modified":"2020-04-06T10:45:36","modified_gmt":"2020-04-06T09:45:36","slug":"une-seance-de-travail-sous-la-presidence-du-monsieur-le-ministre-des-affaires-locales-en-presence-des-presidents-des-communes-du-gouvernorat-de-la-manouba","status":"publish","type":"post","link":"http:\/\/www.collectiviteslocales.gov.tn\/fr\/2020\/04\/06\/une-seance-de-travail-sous-la-presidence-du-monsieur-le-ministre-des-affaires-locales-en-presence-des-presidents-des-communes-du-gouvernorat-de-la-manouba\/","title":{"rendered":"Une s\u00e9ance de travail sous la pr\u00e9sidence du monsieur le  ministre des Affaires locales en pr\u00e9sence  des pr\u00e9sidents des communes du Gouvernorat de la Manouba."},"content":{"rendered":"\n<figure class=\"wp-block-gallery columns-2 is-cropped\"><ul class=\"blocks-gallery-grid\"><li class=\"blocks-gallery-item\"><figure><img loading=\"lazy\" width=\"960\" height=\"640\" src=\"http:\/\/www.collectiviteslocales.gov.tn\/wp-content\/uploads\/2020\/04\/3.jpg\" alt=\"\" data-id=\"6289\" data-full-url=\"http:\/\/www.collectiviteslocales.gov.tn\/wp-content\/uploads\/2020\/04\/3.jpg\" data-link=\"http:\/\/www.collectiviteslocales.gov.tn\/fr\/3-2\/\" class=\"wp-image-6289\" srcset=\"http:\/\/www.collectiviteslocales.gov.tn\/wp-content\/uploads\/2020\/04\/3.jpg 960w, http:\/\/www.collectiviteslocales.gov.tn\/wp-content\/uploads\/2020\/04\/3-300x200.jpg 300w, http:\/\/www.collectiviteslocales.gov.tn\/wp-content\/uploads\/2020\/04\/3-768x512.jpg 768w\" sizes=\"(max-width: 960px) 100vw, 960px\" \/><\/figure><\/li><li class=\"blocks-gallery-item\"><figure><img loading=\"lazy\" width=\"960\" height=\"640\" src=\"http:\/\/www.collectiviteslocales.gov.tn\/wp-content\/uploads\/2020\/04\/1.jpg\" alt=\"\" data-id=\"6286\" data-full-url=\"http:\/\/www.collectiviteslocales.gov.tn\/wp-content\/uploads\/2020\/04\/1.jpg\" data-link=\"http:\/\/www.collectiviteslocales.gov.tn\/fr\/1-2\/\" class=\"wp-image-6286\" srcset=\"http:\/\/www.collectiviteslocales.gov.tn\/wp-content\/uploads\/2020\/04\/1.jpg 960w, http:\/\/www.collectiviteslocales.gov.tn\/wp-content\/uploads\/2020\/04\/1-300x200.jpg 300w, http:\/\/www.collectiviteslocales.gov.tn\/wp-content\/uploads\/2020\/04\/1-768x512.jpg 768w\" sizes=\"(max-width: 960px) 100vw, 960px\" \/><\/figure><\/li><\/ul><\/figure>\n\n\n\n<p>Monsieur Lotfi Zitoun, Ministre des Affaires locales s\u2019est entretenu, le jeudi 2 avril 2020 avec les pr\u00e9sidents des communes du Gouvernorat de la Manouba.<\/p>\n\n\n\n<p>La rencontre a, essentiellement, port\u00e9 sur les efforts consentis par les municipalit\u00e9s pour faire face \u00e0 la pand\u00e9mie. A cette occasion, Monsieur le Ministre a appel\u00e9 , pour une\u00a0coordination\u00a0plus \u00e9troite entre les communes, les autorit\u00e9s centrales et r\u00e9gionales afin de mieux g\u00e9rer la crise. <\/p>\n","protected":false},"excerpt":{"rendered":"<p>Monsieur Lotfi Zitoun, Ministre des Affaires locales s\u2019est entretenu, le jeudi 2 avril 2020 avec les pr\u00e9sidents des communes du Gouvernorat de la Manouba. La rencontre a, essentiellement, port\u00e9 sur les efforts consentis par les municipalit\u00e9s pour faire face \u00e0 la pand\u00e9mie. A cette occasion, Monsieur le Ministre a appel\u00e9 , pour une\u00a0coordination\u00a0plus \u00e9troite entre &hellip;<\/p>\n","protected":false},"author":5,"featured_media":6286,"comment_status":"closed","ping_status":"closed","sticky":true,"template":"","format":"standard","meta":[],"categories":[2,10],"tags":[],"yoast_head":"<!-- This site is optimized with the Yoast SEO plugin v16.3 - https:\/\/yoast.com\/wordpress\/plugins\/seo\/ -->\n<title>Une s\u00e9ance de travail sous la pr\u00e9sidence du monsieur le ministre des Affaires locales en pr\u00e9sence des pr\u00e9sidents des communes du Gouvernorat de la Manouba. - \u0628\u0648\u0627\u0628\u0629 \u0627\u0644\u062c\u0645\u0627\u0639\u0627\u062a \u0627\u0644\u0645\u062d\u0644\u064a\u0629<\/title>\n<meta name=\"robots\" content=\"index, follow, max-snippet:-1, max-image-preview:large, max-video-preview:-1\" \/>\n<link rel=\"canonical\" href=\"http:\/\/www.collectiviteslocales.gov.tn\/fr\/2020\/04\/05\/\u062c\u0644\u0633\u0629\u064f-\u0639\u0645\u0644-\u062a\u062d\u062a\u064e-\u0625\u0634\u0631\u0627\u0641-\u0648\u0632\u064a\u0631-\u0627\u0644\u0634\u0624\u0648\u0646-\u0627\u0644\u0645\u062d\u0644\/\" \/>\n<meta property=\"og:locale\" content=\"fr_FR\" \/>\n<meta property=\"og:type\" content=\"article\" \/>\n<meta property=\"og:title\" content=\"Une s\u00e9ance de travail sous la pr\u00e9sidence du monsieur le ministre des Affaires locales en pr\u00e9sence des pr\u00e9sidents des communes du Gouvernorat de la Manouba. - \u0628\u0648\u0627\u0628\u0629 \u0627\u0644\u062c\u0645\u0627\u0639\u0627\u062a \u0627\u0644\u0645\u062d\u0644\u064a\u0629\" \/>\n<meta property=\"og:description\" content=\"Monsieur Lotfi Zitoun, Ministre des Affaires locales s\u2019est entretenu, le jeudi 2 avril 2020 avec les pr\u00e9sidents des communes du Gouvernorat de la Manouba. La rencontre a, essentiellement, port\u00e9 sur les efforts consentis par les municipalit\u00e9s pour faire face \u00e0 la pand\u00e9mie. A cette occasion, Monsieur le Ministre a appel\u00e9 , pour une\u00a0coordination\u00a0plus \u00e9troite entre &hellip;\" \/>\n<meta property=\"og:url\" content=\"http:\/\/www.collectiviteslocales.gov.tn\/2020\/04\/05\/\u062c\u0644\u0633\u0629\u064f-\u0639\u0645\u0644-\u062a\u062d\u062a\u064e-\u0625\u0634\u0631\u0627\u0641-\u0648\u0632\u064a\u0631-\u0627\u0644\u0634\u0624\u0648\u0646-\u0627\u0644\u0645\u062d\u0644\/\" \/>\n<meta property=\"og:site_name\" content=\"\u0628\u0648\u0627\u0628\u0629 \u0627\u0644\u062c\u0645\u0627\u0639\u0627\u062a \u0627\u0644\u0645\u062d\u0644\u064a\u0629\" \/>\n<meta property=\"article:published_time\" content=\"2020-04-06T09:45:32+00:00\" \/>\n<meta property=\"article:modified_time\" content=\"2020-04-06T09:45:36+00:00\" \/>\n<meta property=\"og:image\" content=\"http:\/\/www.collectiviteslocales.gov.tn\/wp-content\/uploads\/2020\/04\/1.jpg\" \/>\n\t<meta property=\"og:image:width\" content=\"960\" \/>\n\t<meta property=\"og:image:height\" content=\"640\" \/>\n<meta name=\"twitter:card\" content=\"summary_large_image\" \/>\n<script type=\"application\/ld+json\" class=\"yoast-schema-graph\">{\"@context\":\"https:\/\/schema.org\",\"@graph\":[{\"@type\":\"WebSite\",\"@id\":\"http:\/\/www.collectiviteslocales.gov.tn\/#website\",\"url\":\"http:\/\/www.collectiviteslocales.gov.tn\/\",\"name\":\"\\u0628\\u0648\\u0627\\u0628\\u0629 \\u0627\\u0644\\u062c\\u0645\\u0627\\u0639\\u0627\\u062a \\u0627\\u0644\\u0645\\u062d\\u0644\\u064a\\u0629\",\"description\":\"\\u0628\\u0648\\u0627\\u0628\\u0629 \\u0627\\u0644\\u062c\\u0645\\u0627\\u0639\\u0627\\u062a \\u0627\\u0644\\u0645\\u062d\\u0644\\u064a\\u0629\",\"potentialAction\":[{\"@type\":\"SearchAction\",\"target\":\"http:\/\/www.collectiviteslocales.gov.tn\/?s={search_term_string}\",\"query-input\":\"required name=search_term_string\"}],\"inLanguage\":\"fr-FR\"},{\"@type\":\"ImageObject\",\"@id\":\"http:\/\/www.collectiviteslocales.gov.tn\/2020\/04\/05\/%d8%ac%d9%84%d8%b3%d8%a9%d9%8f-%d8%b9%d9%85%d9%84-%d8%aa%d8%ad%d8%aa%d9%8e-%d8%a5%d8%b4%d8%b1%d8%a7%d9%81-%d9%88%d8%b2%d9%8a%d8%b1-%d8%a7%d9%84%d8%b4%d8%a4%d9%88%d9%86-%d8%a7%d9%84%d9%85%d8%ad%d9%84\/#primaryimage\",\"inLanguage\":\"fr-FR\",\"url\":\"http:\/\/www.collectiviteslocales.gov.tn\/wp-content\/uploads\/2020\/04\/1.jpg\",\"contentUrl\":\"http:\/\/www.collectiviteslocales.gov.tn\/wp-content\/uploads\/2020\/04\/1.jpg\",\"width\":960,\"height\":640},{\"@type\":\"WebPage\",\"@id\":\"http:\/\/www.collectiviteslocales.gov.tn\/2020\/04\/05\/%d8%ac%d9%84%d8%b3%d8%a9%d9%8f-%d8%b9%d9%85%d9%84-%d8%aa%d8%ad%d8%aa%d9%8e-%d8%a5%d8%b4%d8%b1%d8%a7%d9%81-%d9%88%d8%b2%d9%8a%d8%b1-%d8%a7%d9%84%d8%b4%d8%a4%d9%88%d9%86-%d8%a7%d9%84%d9%85%d8%ad%d9%84\/#webpage\",\"url\":\"http:\/\/www.collectiviteslocales.gov.tn\/2020\/04\/05\/%d8%ac%d9%84%d8%b3%d8%a9%d9%8f-%d8%b9%d9%85%d9%84-%d8%aa%d8%ad%d8%aa%d9%8e-%d8%a5%d8%b4%d8%b1%d8%a7%d9%81-%d9%88%d8%b2%d9%8a%d8%b1-%d8%a7%d9%84%d8%b4%d8%a4%d9%88%d9%86-%d8%a7%d9%84%d9%85%d8%ad%d9%84\/\",\"name\":\"Une s\\u00e9ance de travail sous la pr\\u00e9sidence du monsieur le ministre des Affaires locales en pr\\u00e9sence des pr\\u00e9sidents des communes du Gouvernorat de la Manouba. - \\u0628\\u0648\\u0627\\u0628\\u0629 \\u0627\\u0644\\u062c\\u0645\\u0627\\u0639\\u0627\\u062a \\u0627\\u0644\\u0645\\u062d\\u0644\\u064a\\u0629\",\"isPartOf\":{\"@id\":\"http:\/\/www.collectiviteslocales.gov.tn\/#website\"},\"primaryImageOfPage\":{\"@id\":\"http:\/\/www.collectiviteslocales.gov.tn\/2020\/04\/05\/%d8%ac%d9%84%d8%b3%d8%a9%d9%8f-%d8%b9%d9%85%d9%84-%d8%aa%d8%ad%d8%aa%d9%8e-%d8%a5%d8%b4%d8%b1%d8%a7%d9%81-%d9%88%d8%b2%d9%8a%d8%b1-%d8%a7%d9%84%d8%b4%d8%a4%d9%88%d9%86-%d8%a7%d9%84%d9%85%d8%ad%d9%84\/#primaryimage\"},\"datePublished\":\"2020-04-06T09:45:32+00:00\",\"dateModified\":\"2020-04-06T09:45:36+00:00\",\"author\":{\"@id\":\"http:\/\/www.collectiviteslocales.gov.tn\/#\/schema\/person\/205875e44a0f20b1eb6f68da6e5ebd0a\"},\"breadcrumb\":{\"@id\":\"http:\/\/www.collectiviteslocales.gov.tn\/2020\/04\/05\/%d8%ac%d9%84%d8%b3%d8%a9%d9%8f-%d8%b9%d9%85%d9%84-%d8%aa%d8%ad%d8%aa%d9%8e-%d8%a5%d8%b4%d8%b1%d8%a7%d9%81-%d9%88%d8%b2%d9%8a%d8%b1-%d8%a7%d9%84%d8%b4%d8%a4%d9%88%d9%86-%d8%a7%d9%84%d9%85%d8%ad%d9%84\/#breadcrumb\"},\"inLanguage\":\"fr-FR\",\"potentialAction\":[{\"@type\":\"ReadAction\",\"target\":[\"http:\/\/www.collectiviteslocales.gov.tn\/2020\/04\/05\/%d8%ac%d9%84%d8%b3%d8%a9%d9%8f-%d8%b9%d9%85%d9%84-%d8%aa%d8%ad%d8%aa%d9%8e-%d8%a5%d8%b4%d8%b1%d8%a7%d9%81-%d9%88%d8%b2%d9%8a%d8%b1-%d8%a7%d9%84%d8%b4%d8%a4%d9%88%d9%86-%d8%a7%d9%84%d9%85%d8%ad%d9%84\/\"]}]},{\"@type\":\"BreadcrumbList\",\"@id\":\"http:\/\/www.collectiviteslocales.gov.tn\/2020\/04\/05\/%d8%ac%d9%84%d8%b3%d8%a9%d9%8f-%d8%b9%d9%85%d9%84-%d8%aa%d8%ad%d8%aa%d9%8e-%d8%a5%d8%b4%d8%b1%d8%a7%d9%81-%d9%88%d8%b2%d9%8a%d8%b1-%d8%a7%d9%84%d8%b4%d8%a4%d9%88%d9%86-%d8%a7%d9%84%d9%85%d8%ad%d9%84\/#breadcrumb\",\"itemListElement\":[{\"@type\":\"ListItem\",\"position\":1,\"item\":{\"@type\":\"WebPage\",\"@id\":\"http:\/\/www.collectiviteslocales.gov.tn\/\",\"url\":\"http:\/\/www.collectiviteslocales.gov.tn\/\",\"name\":\"Accueil\"}},{\"@type\":\"ListItem\",\"position\":2,\"item\":{\"@id\":\"http:\/\/www.collectiviteslocales.gov.tn\/2020\/04\/05\/%d8%ac%d9%84%d8%b3%d8%a9%d9%8f-%d8%b9%d9%85%d9%84-%d8%aa%d8%ad%d8%aa%d9%8e-%d8%a5%d8%b4%d8%b1%d8%a7%d9%81-%d9%88%d8%b2%d9%8a%d8%b1-%d8%a7%d9%84%d8%b4%d8%a4%d9%88%d9%86-%d8%a7%d9%84%d9%85%d8%ad%d9%84\/#webpage\"}}]},{\"@type\":\"Person\",\"@id\":\"http:\/\/www.collectiviteslocales.gov.tn\/#\/schema\/person\/205875e44a0f20b1eb6f68da6e5ebd0a\",\"name\":\"baccaraamal\"}]}<\/script>\n<!-- \/ Yoast SEO plugin. -->","_links":{"self":[{"href":"http:\/\/www.collectiviteslocales.gov.tn\/fr\/wp-json\/wp\/v2\/posts\/6292"}],"collection":[{"href":"http:\/\/www.collectiviteslocales.gov.tn\/fr\/wp-json\/wp\/v2\/posts"}],"about":[{"href":"http:\/\/www.collectiviteslocales.gov.tn\/fr\/wp-json\/wp\/v2\/types\/post"}],"author":[{"embeddable":true,"href":"http:\/\/www.collectiviteslocales.gov.tn\/fr\/wp-json\/wp\/v2\/users\/5"}],"replies":[{"embeddable":true,"href":"http:\/\/www.collectiviteslocales.gov.tn\/fr\/wp-json\/wp\/v2\/comments?post=6292"}],"version-history":[{"count":2,"href":"http:\/\/www.collectiviteslocales.gov.tn\/fr\/wp-json\/wp\/v2\/posts\/6292\/revisions"}],"predecessor-version":[{"id":6294,"href":"http:\/\/www.collectiviteslocales.gov.tn\/fr\/wp-json\/wp\/v2\/posts\/6292\/revisions\/6294"}],"wp:featuredmedia":[{"embeddable":true,"href":"http:\/\/www.collectiviteslocales.gov.tn\/fr\/wp-json\/wp\/v2\/media\/6286"}],"wp:attachment":[{"href":"http:\/\/www.collectiviteslocales.gov.tn\/fr\/wp-json\/wp\/v2\/media?parent=6292"}],"wp:term":[{"taxonomy":"category","embeddable":true,"href":"http:\/\/www.collectiviteslocales.gov.tn\/fr\/wp-json\/wp\/v2\/categories?post=6292"},{"taxonomy":"post_tag","embeddable":true,"href":"http:\/\/www.collectiviteslocales.gov.tn\/fr\/wp-json\/wp\/v2\/tags?post=6292"}],"curies":[{"name":"wp","href":"https:\/\/api.w.org\/{rel}","templated":true}]}}