{"id":6302,"date":"2020-04-06T15:00:49","date_gmt":"2020-04-06T14:00:49","guid":{"rendered":"http:\/\/www.collectiviteslocales.gov.tn\/?p=6302"},"modified":"2020-04-06T16:53:53","modified_gmt":"2020-04-06T15:53:53","slug":"circulaire-n-2020-4-du-4-avril-2020-portant-sur-le-renforcement-de-la-coordination-entre-les-pouvoirs-publics-centraux-regionaux-et-locaux","status":"publish","type":"post","link":"http:\/\/www.collectiviteslocales.gov.tn\/fr\/2020\/04\/06\/circulaire-n-2020-4-du-4-avril-2020-portant-sur-le-renforcement-de-la-coordination-entre-les-pouvoirs-publics-centraux-regionaux-et-locaux\/","title":{"rendered":"Circulaire n\u00b0 2020-4 du 4 avril 2020, portant sur le renforcement de la coordination entre les pouvoirs publics centraux, r\u00e9gionaux et locaux"},"content":{"rendered":"\n<figure class=\"wp-block-image size-large\"><img loading=\"lazy\" width=\"1024\" height=\"714\" src=\"http:\/\/www.collectiviteslocales.gov.tn\/wp-content\/uploads\/2020\/04\/circulairefr-1-1024x714.png\" alt=\"\" class=\"wp-image-6323\" srcset=\"http:\/\/www.collectiviteslocales.gov.tn\/wp-content\/uploads\/2020\/04\/circulairefr-1-1024x714.png 1024w, http:\/\/www.collectiviteslocales.gov.tn\/wp-content\/uploads\/2020\/04\/circulairefr-1-300x209.png 300w, http:\/\/www.collectiviteslocales.gov.tn\/wp-content\/uploads\/2020\/04\/circulairefr-1-768x536.png 768w, http:\/\/www.collectiviteslocales.gov.tn\/wp-content\/uploads\/2020\/04\/circulairefr-1-1536x1071.png 1536w, http:\/\/www.collectiviteslocales.gov.tn\/wp-content\/uploads\/2020\/04\/circulairefr-1.png 1656w\" sizes=\"(max-width: 1024px) 100vw, 1024px\" \/><\/figure>\n\n\n\n<p> Circulaire conjointe&nbsp;sign\u00e9e par les&nbsp;<em>ministres<\/em>&nbsp;de l&rsquo;Int\u00e9rieur et des affaires locales\nportant sur le renforcement de la coordination entre les pouvoirs publics centraux, r\u00e9gionaux et locaux.<\/p>\n\n\n\n<p>\n\n<a href=\"http:\/\/www.collectiviteslocales.gov.tn\/wp-content\/uploads\/2020\/04\/Circulaire_MI_MinAL_N4_04-04-2020.pdf\" target=\"_blank\" class=\"shortc-button small black \" rel=\"noopener noreferrer\">\n<i class=\"fa fas fa-download\"><\/i>T\u00e9l\u00e9charger version arabe <\/a>\n\n<\/p>\n","protected":false},"excerpt":{"rendered":"<p>Circulaire conjointe&nbsp;sign\u00e9e par les&nbsp;ministres&nbsp;de l&rsquo;Int\u00e9rieur et des affaires locales portant sur le renforcement de la coordination entre les pouvoirs publics centraux, r\u00e9gionaux et locaux. T\u00e9l\u00e9charger version arabe<\/p>\n","protected":false},"author":5,"featured_media":6327,"comment_status":"closed","ping_status":"closed","sticky":true,"template":"","format":"standard","meta":[],"categories":[2,10,84,81],"tags":[],"yoast_head":"<!-- This site is optimized with the Yoast SEO plugin v16.3 - https:\/\/yoast.com\/wordpress\/plugins\/seo\/ -->\n<title>Circulaire n\u00b0 2020-4 du 4 avril 2020, portant sur le renforcement de la coordination entre les pouvoirs publics centraux, r\u00e9gionaux et locaux - \u0628\u0648\u0627\u0628\u0629 \u0627\u0644\u062c\u0645\u0627\u0639\u0627\u062a \u0627\u0644\u0645\u062d\u0644\u064a\u0629<\/title>\n<meta name=\"robots\" content=\"index, follow, max-snippet:-1, max-image-preview:large, max-video-preview:-1\" \/>\n<link rel=\"canonical\" href=\"http:\/\/www.collectiviteslocales.gov.tn\/fr\/2020\/04\/06\/circulaire-n-2020-4-du-4-avril-2020-portant-sur-le-renforcement-de-la-coordination-entre-les-pouvoirs-publics-centraux-regionaux-et-locaux\/\" \/>\n<meta property=\"og:locale\" content=\"fr_FR\" \/>\n<meta property=\"og:type\" content=\"article\" \/>\n<meta property=\"og:title\" content=\"Circulaire n\u00b0 2020-4 du 4 avril 2020, portant sur le renforcement de la coordination entre les pouvoirs publics centraux, r\u00e9gionaux et locaux - \u0628\u0648\u0627\u0628\u0629 \u0627\u0644\u062c\u0645\u0627\u0639\u0627\u062a \u0627\u0644\u0645\u062d\u0644\u064a\u0629\" \/>\n<meta property=\"og:description\" content=\"Circulaire conjointe&nbsp;sign\u00e9e par les&nbsp;ministres&nbsp;de l&rsquo;Int\u00e9rieur et des affaires locales portant sur le renforcement de la coordination entre les pouvoirs publics centraux, r\u00e9gionaux et locaux. T\u00e9l\u00e9charger version arabe\" \/>\n<meta property=\"og:url\" content=\"http:\/\/www.collectiviteslocales.gov.tn\/fr\/2020\/04\/06\/circulaire-n-2020-4-du-4-avril-2020-portant-sur-le-renforcement-de-la-coordination-entre-les-pouvoirs-publics-centraux-regionaux-et-locaux\/\" \/>\n<meta property=\"og:site_name\" content=\"\u0628\u0648\u0627\u0628\u0629 \u0627\u0644\u062c\u0645\u0627\u0639\u0627\u062a \u0627\u0644\u0645\u062d\u0644\u064a\u0629\" \/>\n<meta property=\"article:published_time\" content=\"2020-04-06T14:00:49+00:00\" \/>\n<meta property=\"article:modified_time\" content=\"2020-04-06T15:53:53+00:00\" \/>\n<meta property=\"og:image\" content=\"http:\/\/www.collectiviteslocales.gov.tn\/wp-content\/uploads\/2020\/04\/circulairefr-2.png\" \/>\n\t<meta property=\"og:image:width\" content=\"1656\" \/>\n\t<meta property=\"og:image:height\" content=\"1155\" \/>\n<meta name=\"twitter:card\" content=\"summary_large_image\" \/>\n<script type=\"application\/ld+json\" class=\"yoast-schema-graph\">{\"@context\":\"https:\/\/schema.org\",\"@graph\":[{\"@type\":\"WebSite\",\"@id\":\"http:\/\/www.collectiviteslocales.gov.tn\/#website\",\"url\":\"http:\/\/www.collectiviteslocales.gov.tn\/\",\"name\":\"\\u0628\\u0648\\u0627\\u0628\\u0629 \\u0627\\u0644\\u062c\\u0645\\u0627\\u0639\\u0627\\u062a \\u0627\\u0644\\u0645\\u062d\\u0644\\u064a\\u0629\",\"description\":\"\\u0628\\u0648\\u0627\\u0628\\u0629 \\u0627\\u0644\\u062c\\u0645\\u0627\\u0639\\u0627\\u062a \\u0627\\u0644\\u0645\\u062d\\u0644\\u064a\\u0629\",\"potentialAction\":[{\"@type\":\"SearchAction\",\"target\":\"http:\/\/www.collectiviteslocales.gov.tn\/?s={search_term_string}\",\"query-input\":\"required name=search_term_string\"}],\"inLanguage\":\"fr-FR\"},{\"@type\":\"ImageObject\",\"@id\":\"http:\/\/www.collectiviteslocales.gov.tn\/fr\/2020\/04\/06\/circulaire-n-2020-4-du-4-avril-2020-portant-sur-le-renforcement-de-la-coordination-entre-les-pouvoirs-publics-centraux-regionaux-et-locaux\/#primaryimage\",\"inLanguage\":\"fr-FR\",\"url\":\"http:\/\/www.collectiviteslocales.gov.tn\/wp-content\/uploads\/2020\/04\/circulairefr-2.png\",\"contentUrl\":\"http:\/\/www.collectiviteslocales.gov.tn\/wp-content\/uploads\/2020\/04\/circulairefr-2.png\",\"width\":1656,\"height\":1155},{\"@type\":\"WebPage\",\"@id\":\"http:\/\/www.collectiviteslocales.gov.tn\/fr\/2020\/04\/06\/circulaire-n-2020-4-du-4-avril-2020-portant-sur-le-renforcement-de-la-coordination-entre-les-pouvoirs-publics-centraux-regionaux-et-locaux\/#webpage\",\"url\":\"http:\/\/www.collectiviteslocales.gov.tn\/fr\/2020\/04\/06\/circulaire-n-2020-4-du-4-avril-2020-portant-sur-le-renforcement-de-la-coordination-entre-les-pouvoirs-publics-centraux-regionaux-et-locaux\/\",\"name\":\"Circulaire n\\u00b0 2020-4 du 4 avril 2020, portant sur le renforcement de la coordination entre les pouvoirs publics centraux, r\\u00e9gionaux et locaux - \\u0628\\u0648\\u0627\\u0628\\u0629 \\u0627\\u0644\\u062c\\u0645\\u0627\\u0639\\u0627\\u062a \\u0627\\u0644\\u0645\\u062d\\u0644\\u064a\\u0629\",\"isPartOf\":{\"@id\":\"http:\/\/www.collectiviteslocales.gov.tn\/#website\"},\"primaryImageOfPage\":{\"@id\":\"http:\/\/www.collectiviteslocales.gov.tn\/fr\/2020\/04\/06\/circulaire-n-2020-4-du-4-avril-2020-portant-sur-le-renforcement-de-la-coordination-entre-les-pouvoirs-publics-centraux-regionaux-et-locaux\/#primaryimage\"},\"datePublished\":\"2020-04-06T14:00:49+00:00\",\"dateModified\":\"2020-04-06T15:53:53+00:00\",\"author\":{\"@id\":\"http:\/\/www.collectiviteslocales.gov.tn\/#\/schema\/person\/205875e44a0f20b1eb6f68da6e5ebd0a\"},\"breadcrumb\":{\"@id\":\"http:\/\/www.collectiviteslocales.gov.tn\/fr\/2020\/04\/06\/circulaire-n-2020-4-du-4-avril-2020-portant-sur-le-renforcement-de-la-coordination-entre-les-pouvoirs-publics-centraux-regionaux-et-locaux\/#breadcrumb\"},\"inLanguage\":\"fr-FR\",\"potentialAction\":[{\"@type\":\"ReadAction\",\"target\":[\"http:\/\/www.collectiviteslocales.gov.tn\/fr\/2020\/04\/06\/circulaire-n-2020-4-du-4-avril-2020-portant-sur-le-renforcement-de-la-coordination-entre-les-pouvoirs-publics-centraux-regionaux-et-locaux\/\"]}]},{\"@type\":\"BreadcrumbList\",\"@id\":\"http:\/\/www.collectiviteslocales.gov.tn\/fr\/2020\/04\/06\/circulaire-n-2020-4-du-4-avril-2020-portant-sur-le-renforcement-de-la-coordination-entre-les-pouvoirs-publics-centraux-regionaux-et-locaux\/#breadcrumb\",\"itemListElement\":[{\"@type\":\"ListItem\",\"position\":1,\"item\":{\"@type\":\"WebPage\",\"@id\":\"http:\/\/www.collectiviteslocales.gov.tn\/\",\"url\":\"http:\/\/www.collectiviteslocales.gov.tn\/\",\"name\":\"Accueil\"}},{\"@type\":\"ListItem\",\"position\":2,\"item\":{\"@id\":\"http:\/\/www.collectiviteslocales.gov.tn\/fr\/2020\/04\/06\/circulaire-n-2020-4-du-4-avril-2020-portant-sur-le-renforcement-de-la-coordination-entre-les-pouvoirs-publics-centraux-regionaux-et-locaux\/#webpage\"}}]},{\"@type\":\"Person\",\"@id\":\"http:\/\/www.collectiviteslocales.gov.tn\/#\/schema\/person\/205875e44a0f20b1eb6f68da6e5ebd0a\",\"name\":\"baccaraamal\"}]}<\/script>\n<!-- \/ Yoast SEO plugin. -->","_links":{"self":[{"href":"http:\/\/www.collectiviteslocales.gov.tn\/fr\/wp-json\/wp\/v2\/posts\/6302"}],"collection":[{"href":"http:\/\/www.collectiviteslocales.gov.tn\/fr\/wp-json\/wp\/v2\/posts"}],"about":[{"href":"http:\/\/www.collectiviteslocales.gov.tn\/fr\/wp-json\/wp\/v2\/types\/post"}],"author":[{"embeddable":true,"href":"http:\/\/www.collectiviteslocales.gov.tn\/fr\/wp-json\/wp\/v2\/users\/5"}],"replies":[{"embeddable":true,"href":"http:\/\/www.collectiviteslocales.gov.tn\/fr\/wp-json\/wp\/v2\/comments?post=6302"}],"version-history":[{"count":9,"href":"http:\/\/www.collectiviteslocales.gov.tn\/fr\/wp-json\/wp\/v2\/posts\/6302\/revisions"}],"predecessor-version":[{"id":6335,"href":"http:\/\/www.collectiviteslocales.gov.tn\/fr\/wp-json\/wp\/v2\/posts\/6302\/revisions\/6335"}],"wp:featuredmedia":[{"embeddable":true,"href":"http:\/\/www.collectiviteslocales.gov.tn\/fr\/wp-json\/wp\/v2\/media\/6327"}],"wp:attachment":[{"href":"http:\/\/www.collectiviteslocales.gov.tn\/fr\/wp-json\/wp\/v2\/media?parent=6302"}],"wp:term":[{"taxonomy":"category","embeddable":true,"href":"http:\/\/www.collectiviteslocales.gov.tn\/fr\/wp-json\/wp\/v2\/categories?post=6302"},{"taxonomy":"post_tag","embeddable":true,"href":"http:\/\/www.collectiviteslocales.gov.tn\/fr\/wp-json\/wp\/v2\/tags?post=6302"}],"curies":[{"name":"wp","href":"https:\/\/api.w.org\/{rel}","templated":true}]}}