{"id":6390,"date":"2020-04-07T22:17:57","date_gmt":"2020-04-07T21:17:57","guid":{"rendered":"http:\/\/www.collectiviteslocales.gov.tn\/?p=6390"},"modified":"2020-04-07T22:24:43","modified_gmt":"2020-04-07T21:24:43","slug":"circulaire-n-8-du-7-avril-2020-fixant-les-procedures-pratiques-pour-les-formalites-de-transport-et-denterrement-des-victimes-du-covid-19","status":"publish","type":"post","link":"http:\/\/www.collectiviteslocales.gov.tn\/fr\/2020\/04\/07\/circulaire-n-8-du-7-avril-2020-fixant-les-procedures-pratiques-pour-les-formalites-de-transport-et-denterrement-des-victimes-du-covid-19\/","title":{"rendered":"circulaire n\u00b0 8 du 7 avril 2020, fixant les proc\u00e9dures pratiques pour les formalit\u00e9s de transport et d&rsquo;enterrement des victimes du Covid-19+"},"content":{"rendered":"\n<figure class=\"wp-block-image size-large\"><img loading=\"lazy\" width=\"1024\" height=\"610\" src=\"http:\/\/www.collectiviteslocales.gov.tn\/wp-content\/uploads\/2020\/04\/circulairefr-3-1024x610.png\" alt=\"\" class=\"wp-image-6395\" srcset=\"http:\/\/www.collectiviteslocales.gov.tn\/wp-content\/uploads\/2020\/04\/circulairefr-3-1024x610.png 1024w, http:\/\/www.collectiviteslocales.gov.tn\/wp-content\/uploads\/2020\/04\/circulairefr-3-300x179.png 300w, http:\/\/www.collectiviteslocales.gov.tn\/wp-content\/uploads\/2020\/04\/circulairefr-3-768x458.png 768w, http:\/\/www.collectiviteslocales.gov.tn\/wp-content\/uploads\/2020\/04\/circulairefr-3-1536x915.png 1536w, http:\/\/www.collectiviteslocales.gov.tn\/wp-content\/uploads\/2020\/04\/circulairefr-3.png 1656w\" sizes=\"(max-width: 1024px) 100vw, 1024px\" \/><\/figure>\n\n\n\n<p>Circulaire n\u00b0 8 du 7 avril 2020, fixant les proc\u00e9dures pratiques pour les formalit\u00e9s de transport et d&rsquo;enterrement des victimes du Covid-19+.<\/p>\n\n\n\n<p>\n\n<a href=\"http:\/\/www.collectiviteslocales.gov.tn\/wp-content\/uploads\/2020\/04\/Circulaire_MinAL_N8_07-04-2020.pdf\" target=\"_blank\" class=\"shortc-button small black \" rel=\"noopener noreferrer\">\n<i class=\"fa fas fa-download\"><\/i>T\u00e9l\u00e9charger version arabe <\/a>\n\n<\/p>\n","protected":false},"excerpt":{"rendered":"<p>Circulaire n\u00b0 8 du 7 avril 2020, fixant les proc\u00e9dures pratiques pour les formalit\u00e9s de transport et d&rsquo;enterrement des victimes du Covid-19+. T\u00e9l\u00e9charger version arabe<\/p>\n","protected":false},"author":5,"featured_media":6395,"comment_status":"closed","ping_status":"closed","sticky":true,"template":"","format":"standard","meta":[],"categories":[2,10,81],"tags":[],"yoast_head":"<!-- This site is optimized with the Yoast SEO plugin v16.3 - https:\/\/yoast.com\/wordpress\/plugins\/seo\/ -->\n<title>circulaire n\u00b0 8 du 7 avril 2020, fixant les proc\u00e9dures pratiques pour les formalit\u00e9s de transport et d&#039;enterrement des victimes du Covid-19+ - \u0628\u0648\u0627\u0628\u0629 \u0627\u0644\u062c\u0645\u0627\u0639\u0627\u062a \u0627\u0644\u0645\u062d\u0644\u064a\u0629<\/title>\n<meta name=\"robots\" content=\"index, follow, max-snippet:-1, max-image-preview:large, max-video-preview:-1\" \/>\n<link rel=\"canonical\" href=\"http:\/\/www.collectiviteslocales.gov.tn\/fr\/2020\/04\/07\/circulaire-minal-n8-07-04-2020\/\" \/>\n<meta property=\"og:locale\" content=\"fr_FR\" \/>\n<meta property=\"og:type\" content=\"article\" \/>\n<meta property=\"og:title\" content=\"circulaire n\u00b0 8 du 7 avril 2020, fixant les proc\u00e9dures pratiques pour les formalit\u00e9s de transport et d&#039;enterrement des victimes du Covid-19+ - \u0628\u0648\u0627\u0628\u0629 \u0627\u0644\u062c\u0645\u0627\u0639\u0627\u062a \u0627\u0644\u0645\u062d\u0644\u064a\u0629\" \/>\n<meta property=\"og:description\" content=\"Circulaire n\u00b0 8 du 7 avril 2020, fixant les proc\u00e9dures pratiques pour les formalit\u00e9s de transport et d&rsquo;enterrement des victimes du Covid-19+. T\u00e9l\u00e9charger version arabe\" \/>\n<meta property=\"og:url\" content=\"http:\/\/www.collectiviteslocales.gov.tn\/2020\/04\/07\/circulaire-minal-n8-07-04-2020\/\" \/>\n<meta property=\"og:site_name\" content=\"\u0628\u0648\u0627\u0628\u0629 \u0627\u0644\u062c\u0645\u0627\u0639\u0627\u062a \u0627\u0644\u0645\u062d\u0644\u064a\u0629\" \/>\n<meta property=\"article:published_time\" content=\"2020-04-07T21:17:57+00:00\" \/>\n<meta property=\"article:modified_time\" content=\"2020-04-07T21:24:43+00:00\" \/>\n<meta property=\"og:image\" content=\"http:\/\/www.collectiviteslocales.gov.tn\/wp-content\/uploads\/2020\/04\/circulairefr-3.png\" \/>\n\t<meta property=\"og:image:width\" content=\"1656\" \/>\n\t<meta property=\"og:image:height\" content=\"987\" \/>\n<meta name=\"twitter:card\" content=\"summary_large_image\" \/>\n<script type=\"application\/ld+json\" class=\"yoast-schema-graph\">{\"@context\":\"https:\/\/schema.org\",\"@graph\":[{\"@type\":\"WebSite\",\"@id\":\"http:\/\/www.collectiviteslocales.gov.tn\/#website\",\"url\":\"http:\/\/www.collectiviteslocales.gov.tn\/\",\"name\":\"\\u0628\\u0648\\u0627\\u0628\\u0629 \\u0627\\u0644\\u062c\\u0645\\u0627\\u0639\\u0627\\u062a \\u0627\\u0644\\u0645\\u062d\\u0644\\u064a\\u0629\",\"description\":\"\\u0628\\u0648\\u0627\\u0628\\u0629 \\u0627\\u0644\\u062c\\u0645\\u0627\\u0639\\u0627\\u062a \\u0627\\u0644\\u0645\\u062d\\u0644\\u064a\\u0629\",\"potentialAction\":[{\"@type\":\"SearchAction\",\"target\":\"http:\/\/www.collectiviteslocales.gov.tn\/?s={search_term_string}\",\"query-input\":\"required name=search_term_string\"}],\"inLanguage\":\"fr-FR\"},{\"@type\":\"ImageObject\",\"@id\":\"http:\/\/www.collectiviteslocales.gov.tn\/2020\/04\/07\/circulaire-minal-n8-07-04-2020\/#primaryimage\",\"inLanguage\":\"fr-FR\",\"url\":\"http:\/\/www.collectiviteslocales.gov.tn\/wp-content\/uploads\/2020\/04\/circulairefr-3.png\",\"contentUrl\":\"http:\/\/www.collectiviteslocales.gov.tn\/wp-content\/uploads\/2020\/04\/circulairefr-3.png\",\"width\":1656,\"height\":987},{\"@type\":\"WebPage\",\"@id\":\"http:\/\/www.collectiviteslocales.gov.tn\/2020\/04\/07\/circulaire-minal-n8-07-04-2020\/#webpage\",\"url\":\"http:\/\/www.collectiviteslocales.gov.tn\/2020\/04\/07\/circulaire-minal-n8-07-04-2020\/\",\"name\":\"circulaire n\\u00b0 8 du 7 avril 2020, fixant les proc\\u00e9dures pratiques pour les formalit\\u00e9s de transport et d'enterrement des victimes du Covid-19+ - \\u0628\\u0648\\u0627\\u0628\\u0629 \\u0627\\u0644\\u062c\\u0645\\u0627\\u0639\\u0627\\u062a \\u0627\\u0644\\u0645\\u062d\\u0644\\u064a\\u0629\",\"isPartOf\":{\"@id\":\"http:\/\/www.collectiviteslocales.gov.tn\/#website\"},\"primaryImageOfPage\":{\"@id\":\"http:\/\/www.collectiviteslocales.gov.tn\/2020\/04\/07\/circulaire-minal-n8-07-04-2020\/#primaryimage\"},\"datePublished\":\"2020-04-07T21:17:57+00:00\",\"dateModified\":\"2020-04-07T21:24:43+00:00\",\"author\":{\"@id\":\"http:\/\/www.collectiviteslocales.gov.tn\/#\/schema\/person\/205875e44a0f20b1eb6f68da6e5ebd0a\"},\"breadcrumb\":{\"@id\":\"http:\/\/www.collectiviteslocales.gov.tn\/2020\/04\/07\/circulaire-minal-n8-07-04-2020\/#breadcrumb\"},\"inLanguage\":\"fr-FR\",\"potentialAction\":[{\"@type\":\"ReadAction\",\"target\":[\"http:\/\/www.collectiviteslocales.gov.tn\/2020\/04\/07\/circulaire-minal-n8-07-04-2020\/\"]}]},{\"@type\":\"BreadcrumbList\",\"@id\":\"http:\/\/www.collectiviteslocales.gov.tn\/2020\/04\/07\/circulaire-minal-n8-07-04-2020\/#breadcrumb\",\"itemListElement\":[{\"@type\":\"ListItem\",\"position\":1,\"item\":{\"@type\":\"WebPage\",\"@id\":\"http:\/\/www.collectiviteslocales.gov.tn\/\",\"url\":\"http:\/\/www.collectiviteslocales.gov.tn\/\",\"name\":\"Accueil\"}},{\"@type\":\"ListItem\",\"position\":2,\"item\":{\"@id\":\"http:\/\/www.collectiviteslocales.gov.tn\/2020\/04\/07\/circulaire-minal-n8-07-04-2020\/#webpage\"}}]},{\"@type\":\"Person\",\"@id\":\"http:\/\/www.collectiviteslocales.gov.tn\/#\/schema\/person\/205875e44a0f20b1eb6f68da6e5ebd0a\",\"name\":\"baccaraamal\"}]}<\/script>\n<!-- \/ Yoast SEO plugin. -->","_links":{"self":[{"href":"http:\/\/www.collectiviteslocales.gov.tn\/fr\/wp-json\/wp\/v2\/posts\/6390"}],"collection":[{"href":"http:\/\/www.collectiviteslocales.gov.tn\/fr\/wp-json\/wp\/v2\/posts"}],"about":[{"href":"http:\/\/www.collectiviteslocales.gov.tn\/fr\/wp-json\/wp\/v2\/types\/post"}],"author":[{"embeddable":true,"href":"http:\/\/www.collectiviteslocales.gov.tn\/fr\/wp-json\/wp\/v2\/users\/5"}],"replies":[{"embeddable":true,"href":"http:\/\/www.collectiviteslocales.gov.tn\/fr\/wp-json\/wp\/v2\/comments?post=6390"}],"version-history":[{"count":3,"href":"http:\/\/www.collectiviteslocales.gov.tn\/fr\/wp-json\/wp\/v2\/posts\/6390\/revisions"}],"predecessor-version":[{"id":6398,"href":"http:\/\/www.collectiviteslocales.gov.tn\/fr\/wp-json\/wp\/v2\/posts\/6390\/revisions\/6398"}],"wp:featuredmedia":[{"embeddable":true,"href":"http:\/\/www.collectiviteslocales.gov.tn\/fr\/wp-json\/wp\/v2\/media\/6395"}],"wp:attachment":[{"href":"http:\/\/www.collectiviteslocales.gov.tn\/fr\/wp-json\/wp\/v2\/media?parent=6390"}],"wp:term":[{"taxonomy":"category","embeddable":true,"href":"http:\/\/www.collectiviteslocales.gov.tn\/fr\/wp-json\/wp\/v2\/categories?post=6390"},{"taxonomy":"post_tag","embeddable":true,"href":"http:\/\/www.collectiviteslocales.gov.tn\/fr\/wp-json\/wp\/v2\/tags?post=6390"}],"curies":[{"name":"wp","href":"https:\/\/api.w.org\/{rel}","templated":true}]}}