{"id":6582,"date":"2020-05-18T04:11:30","date_gmt":"2020-05-18T03:11:30","guid":{"rendered":"http:\/\/www.collectiviteslocales.gov.tn\/?p=6582"},"modified":"2020-05-18T04:18:09","modified_gmt":"2020-05-18T03:18:09","slug":"desinfecter-les-rues-dangereux-et-inefficace-selon-loms","status":"publish","type":"post","link":"http:\/\/www.collectiviteslocales.gov.tn\/fr\/2020\/05\/18\/desinfecter-les-rues-dangereux-et-inefficace-selon-loms\/","title":{"rendered":"D\u00e9sinfecter les rues : dangereux et inefficace selon l\u2019OMS"},"content":{"rendered":"\n<figure class=\"wp-block-image size-large\"><img loading=\"lazy\" width=\"1024\" height=\"546\" src=\"http:\/\/www.collectiviteslocales.gov.tn\/wp-content\/uploads\/2020\/05\/oms-fr-1024x546.png\" alt=\"\" class=\"wp-image-6583\" srcset=\"http:\/\/www.collectiviteslocales.gov.tn\/wp-content\/uploads\/2020\/05\/oms-fr-1024x546.png 1024w, http:\/\/www.collectiviteslocales.gov.tn\/wp-content\/uploads\/2020\/05\/oms-fr-300x160.png 300w, http:\/\/www.collectiviteslocales.gov.tn\/wp-content\/uploads\/2020\/05\/oms-fr-768x410.png 768w, http:\/\/www.collectiviteslocales.gov.tn\/wp-content\/uploads\/2020\/05\/oms-fr-310x165.png 310w, http:\/\/www.collectiviteslocales.gov.tn\/wp-content\/uploads\/2020\/05\/oms-fr.png 1499w\" sizes=\"(max-width: 1024px) 100vw, 1024px\" \/><\/figure>\n\n\n\n<p>L&rsquo;Organisation mondiale de la sant\u00e9 estime qu'\u00a0\u00bbil est peu probable que la pulv\u00e9risation chimique couvre correctement toutes les surfaces\u00a0\u00bb.<\/p>\n\n\n\n<p>Si de nombreux pays l&rsquo;effectuent, pulv\u00e9riser ou fumiger du d\u00e9sinfectant dans les rues, ne permet pas d&rsquo;\u00e9liminer le nouveau coronavirus et<strong>\u00a0pose un risque sanitaire<\/strong>, a averti l&rsquo;Organisation mondiale de la sant\u00e9 (OMS), ce samedi 16 mai.<\/p>\n\n\n\n<p>\u00ab\u00a0La pulv\u00e9risation ou la fumigation d&rsquo;espaces ext\u00e9rieurs,&nbsp;<strong>tels que les rues ou les march\u00e9s<\/strong>, n&rsquo;est pas recommand\u00e9e pour tuer&nbsp;<a href=\"https:\/\/www.rtl.fr\/actu\/bien-etre\/coronavirus-la-covid-19-pourrait-aussi-se-transmettre-en-parlant-7800514273\">le virus Covid-19<\/a>&nbsp;ou d&rsquo;autres pathog\u00e8nes car<strong>&nbsp;le d\u00e9sinfectant est inactiv\u00e9 par la salet\u00e9<\/strong>\u00ab\u00a0, explique l&rsquo;OMS dans un document sur le nettoyage et&nbsp;<a href=\"https:\/\/www.rtl.fr\/actu\/debats-societe\/coronavirus-comment-bien-desinfecter-son-vehicule-7800404641\">la d\u00e9sinfection<\/a>&nbsp;des surfaces dans le cadre de la riposte au nouveau coronavirus.<\/p>\n\n\n\n<p>\u00ab\u00a0M\u00eame en l&rsquo;absence de mati\u00e8res organiques,<strong>&nbsp;il est peu probable<\/strong>&nbsp;que la pulv\u00e9risation chimique couvre correctement toutes les surfaces pendant&nbsp;<a href=\"https:\/\/www.rtl.fr\/actu\/bien-etre\/deconfinement-que-faire-en-cas-de-contact-a-risque-7800505571\">la dur\u00e9e du temps de contact<\/a>&nbsp;n\u00e9cessaire pour<strong>&nbsp;inactiver les agents pathog\u00e8nes<\/strong>\u00ab\u00a0, ajoute l&rsquo;OMS.<\/p>\n\n\n\n<p>L&rsquo;OMS souligne d&rsquo;ailleurs qu'\u00a0\u00bbil n&rsquo;est&nbsp;<strong>en aucun cas recommand\u00e9 de pulv\u00e9riser des d\u00e9sinfectants<\/strong>&nbsp;sur des personnes\u00a0\u00bb \u00e9tant donn\u00e9 que \u00ab\u00a0cela pourrait \u00eatre&nbsp;<strong>physiquement et psychologiquement dangereux<\/strong>&nbsp;et ne r\u00e9duirait pas la capacit\u00e9 d&rsquo;une personne infect\u00e9e \u00e0 propager&nbsp;<a href=\"https:\/\/www.rtl.fr\/actu\/international\/coronavirus-comment-expliquer-la-faible-propagation-du-virus-en-afrique-7800505140\">le virus<\/a>&nbsp;via les gouttelettes ou par contact\u00a0\u00bb.<\/p>\n\n\n\n<p><a href=\"https:\/\/www.rtl.fr\/actu\/debats-societe\/desinfecter-les-rues-est-dangereux-et-inefficace-selon-l-oms-7800522965\">source : www.rtl.fr<\/a><\/p>\n","protected":false},"excerpt":{"rendered":"<p>L&rsquo;Organisation mondiale de la sant\u00e9 estime qu&rsquo;\u00a0\u00bbil est peu probable que la pulv\u00e9risation chimique couvre correctement toutes les surfaces\u00a0\u00bb. Si de nombreux pays l&rsquo;effectuent, pulv\u00e9riser ou fumiger du d\u00e9sinfectant dans les rues, ne permet pas d&rsquo;\u00e9liminer le nouveau coronavirus et\u00a0pose un risque sanitaire, a averti l&rsquo;Organisation mondiale de la sant\u00e9 (OMS), ce samedi 16 mai. &hellip;<\/p>\n","protected":false},"author":5,"featured_media":6584,"comment_status":"closed","ping_status":"closed","sticky":true,"template":"","format":"standard","meta":[],"categories":[2,10],"tags":[],"yoast_head":"<!-- This site is optimized with the Yoast SEO plugin v16.3 - https:\/\/yoast.com\/wordpress\/plugins\/seo\/ -->\n<title>D\u00e9sinfecter les rues : dangereux et inefficace selon l\u2019OMS - \u0628\u0648\u0627\u0628\u0629 \u0627\u0644\u062c\u0645\u0627\u0639\u0627\u062a \u0627\u0644\u0645\u062d\u0644\u064a\u0629<\/title>\n<meta name=\"robots\" content=\"index, follow, max-snippet:-1, max-image-preview:large, max-video-preview:-1\" \/>\n<link rel=\"canonical\" href=\"http:\/\/www.collectiviteslocales.gov.tn\/fr\/2020\/05\/18\/\u0645\u0646\u0638\u0645\u0629-\u0627\u0644\u0635\u062d\u0629-\u0627\u0644\u0639\u0627\u0644\u0645\u064a\u0629-\u062a\u062d\u0633\u0645-\u0627\u0644\u062c\u062f\u0644-\u062d\u0648\u0644-\u0641\u0627\/\" \/>\n<meta property=\"og:locale\" content=\"fr_FR\" \/>\n<meta property=\"og:type\" content=\"article\" \/>\n<meta property=\"og:title\" content=\"D\u00e9sinfecter les rues : dangereux et inefficace selon l\u2019OMS - \u0628\u0648\u0627\u0628\u0629 \u0627\u0644\u062c\u0645\u0627\u0639\u0627\u062a \u0627\u0644\u0645\u062d\u0644\u064a\u0629\" \/>\n<meta property=\"og:description\" content=\"L&rsquo;Organisation mondiale de la sant\u00e9 estime qu&#039;\u00a0\u00bbil est peu probable que la pulv\u00e9risation chimique couvre correctement toutes les surfaces\u00a0\u00bb. Si de nombreux pays l&rsquo;effectuent, pulv\u00e9riser ou fumiger du d\u00e9sinfectant dans les rues, ne permet pas d&rsquo;\u00e9liminer le nouveau coronavirus et\u00a0pose un risque sanitaire, a averti l&rsquo;Organisation mondiale de la sant\u00e9 (OMS), ce samedi 16 mai. &hellip;\" \/>\n<meta property=\"og:url\" content=\"http:\/\/www.collectiviteslocales.gov.tn\/2020\/05\/18\/\u0645\u0646\u0638\u0645\u0629-\u0627\u0644\u0635\u062d\u0629-\u0627\u0644\u0639\u0627\u0644\u0645\u064a\u0629-\u062a\u062d\u0633\u0645-\u0627\u0644\u062c\u062f\u0644-\u062d\u0648\u0644-\u0641\u0627\/\" \/>\n<meta property=\"og:site_name\" content=\"\u0628\u0648\u0627\u0628\u0629 \u0627\u0644\u062c\u0645\u0627\u0639\u0627\u062a \u0627\u0644\u0645\u062d\u0644\u064a\u0629\" \/>\n<meta property=\"article:published_time\" content=\"2020-05-18T03:11:30+00:00\" \/>\n<meta property=\"article:modified_time\" content=\"2020-05-18T03:18:09+00:00\" \/>\n<meta property=\"og:image\" content=\"http:\/\/www.collectiviteslocales.gov.tn\/wp-content\/uploads\/2020\/05\/oms-fr.png\" \/>\n\t<meta property=\"og:image:width\" content=\"1499\" \/>\n\t<meta property=\"og:image:height\" content=\"800\" \/>\n<meta name=\"twitter:card\" content=\"summary_large_image\" \/>\n<meta name=\"twitter:label1\" content=\"Dur\u00e9e de lecture est.\">\n\t<meta name=\"twitter:data1\" content=\"1 minute\">\n<script type=\"application\/ld+json\" class=\"yoast-schema-graph\">{\"@context\":\"https:\/\/schema.org\",\"@graph\":[{\"@type\":\"WebSite\",\"@id\":\"http:\/\/www.collectiviteslocales.gov.tn\/#website\",\"url\":\"http:\/\/www.collectiviteslocales.gov.tn\/\",\"name\":\"\\u0628\\u0648\\u0627\\u0628\\u0629 \\u0627\\u0644\\u062c\\u0645\\u0627\\u0639\\u0627\\u062a \\u0627\\u0644\\u0645\\u062d\\u0644\\u064a\\u0629\",\"description\":\"\\u0628\\u0648\\u0627\\u0628\\u0629 \\u0627\\u0644\\u062c\\u0645\\u0627\\u0639\\u0627\\u062a \\u0627\\u0644\\u0645\\u062d\\u0644\\u064a\\u0629\",\"potentialAction\":[{\"@type\":\"SearchAction\",\"target\":\"http:\/\/www.collectiviteslocales.gov.tn\/?s={search_term_string}\",\"query-input\":\"required name=search_term_string\"}],\"inLanguage\":\"fr-FR\"},{\"@type\":\"ImageObject\",\"@id\":\"http:\/\/www.collectiviteslocales.gov.tn\/2020\/05\/18\/%d9%85%d9%86%d8%b8%d9%85%d8%a9-%d8%a7%d9%84%d8%b5%d8%ad%d8%a9-%d8%a7%d9%84%d8%b9%d8%a7%d9%84%d9%85%d9%8a%d8%a9-%d8%aa%d8%ad%d8%b3%d9%85-%d8%a7%d9%84%d8%ac%d8%af%d9%84-%d8%ad%d9%88%d9%84-%d9%81%d8%a7\/#primaryimage\",\"inLanguage\":\"fr-FR\",\"url\":\"http:\/\/www.collectiviteslocales.gov.tn\/wp-content\/uploads\/2020\/05\/oms-fr.png\",\"contentUrl\":\"http:\/\/www.collectiviteslocales.gov.tn\/wp-content\/uploads\/2020\/05\/oms-fr.png\",\"width\":1499,\"height\":800},{\"@type\":\"WebPage\",\"@id\":\"http:\/\/www.collectiviteslocales.gov.tn\/2020\/05\/18\/%d9%85%d9%86%d8%b8%d9%85%d8%a9-%d8%a7%d9%84%d8%b5%d8%ad%d8%a9-%d8%a7%d9%84%d8%b9%d8%a7%d9%84%d9%85%d9%8a%d8%a9-%d8%aa%d8%ad%d8%b3%d9%85-%d8%a7%d9%84%d8%ac%d8%af%d9%84-%d8%ad%d9%88%d9%84-%d9%81%d8%a7\/#webpage\",\"url\":\"http:\/\/www.collectiviteslocales.gov.tn\/2020\/05\/18\/%d9%85%d9%86%d8%b8%d9%85%d8%a9-%d8%a7%d9%84%d8%b5%d8%ad%d8%a9-%d8%a7%d9%84%d8%b9%d8%a7%d9%84%d9%85%d9%8a%d8%a9-%d8%aa%d8%ad%d8%b3%d9%85-%d8%a7%d9%84%d8%ac%d8%af%d9%84-%d8%ad%d9%88%d9%84-%d9%81%d8%a7\/\",\"name\":\"D\\u00e9sinfecter les rues : dangereux et inefficace selon l\\u2019OMS - \\u0628\\u0648\\u0627\\u0628\\u0629 \\u0627\\u0644\\u062c\\u0645\\u0627\\u0639\\u0627\\u062a \\u0627\\u0644\\u0645\\u062d\\u0644\\u064a\\u0629\",\"isPartOf\":{\"@id\":\"http:\/\/www.collectiviteslocales.gov.tn\/#website\"},\"primaryImageOfPage\":{\"@id\":\"http:\/\/www.collectiviteslocales.gov.tn\/2020\/05\/18\/%d9%85%d9%86%d8%b8%d9%85%d8%a9-%d8%a7%d9%84%d8%b5%d8%ad%d8%a9-%d8%a7%d9%84%d8%b9%d8%a7%d9%84%d9%85%d9%8a%d8%a9-%d8%aa%d8%ad%d8%b3%d9%85-%d8%a7%d9%84%d8%ac%d8%af%d9%84-%d8%ad%d9%88%d9%84-%d9%81%d8%a7\/#primaryimage\"},\"datePublished\":\"2020-05-18T03:11:30+00:00\",\"dateModified\":\"2020-05-18T03:18:09+00:00\",\"author\":{\"@id\":\"http:\/\/www.collectiviteslocales.gov.tn\/#\/schema\/person\/205875e44a0f20b1eb6f68da6e5ebd0a\"},\"breadcrumb\":{\"@id\":\"http:\/\/www.collectiviteslocales.gov.tn\/2020\/05\/18\/%d9%85%d9%86%d8%b8%d9%85%d8%a9-%d8%a7%d9%84%d8%b5%d8%ad%d8%a9-%d8%a7%d9%84%d8%b9%d8%a7%d9%84%d9%85%d9%8a%d8%a9-%d8%aa%d8%ad%d8%b3%d9%85-%d8%a7%d9%84%d8%ac%d8%af%d9%84-%d8%ad%d9%88%d9%84-%d9%81%d8%a7\/#breadcrumb\"},\"inLanguage\":\"fr-FR\",\"potentialAction\":[{\"@type\":\"ReadAction\",\"target\":[\"http:\/\/www.collectiviteslocales.gov.tn\/2020\/05\/18\/%d9%85%d9%86%d8%b8%d9%85%d8%a9-%d8%a7%d9%84%d8%b5%d8%ad%d8%a9-%d8%a7%d9%84%d8%b9%d8%a7%d9%84%d9%85%d9%8a%d8%a9-%d8%aa%d8%ad%d8%b3%d9%85-%d8%a7%d9%84%d8%ac%d8%af%d9%84-%d8%ad%d9%88%d9%84-%d9%81%d8%a7\/\"]}]},{\"@type\":\"BreadcrumbList\",\"@id\":\"http:\/\/www.collectiviteslocales.gov.tn\/2020\/05\/18\/%d9%85%d9%86%d8%b8%d9%85%d8%a9-%d8%a7%d9%84%d8%b5%d8%ad%d8%a9-%d8%a7%d9%84%d8%b9%d8%a7%d9%84%d9%85%d9%8a%d8%a9-%d8%aa%d8%ad%d8%b3%d9%85-%d8%a7%d9%84%d8%ac%d8%af%d9%84-%d8%ad%d9%88%d9%84-%d9%81%d8%a7\/#breadcrumb\",\"itemListElement\":[{\"@type\":\"ListItem\",\"position\":1,\"item\":{\"@type\":\"WebPage\",\"@id\":\"http:\/\/www.collectiviteslocales.gov.tn\/\",\"url\":\"http:\/\/www.collectiviteslocales.gov.tn\/\",\"name\":\"Accueil\"}},{\"@type\":\"ListItem\",\"position\":2,\"item\":{\"@id\":\"http:\/\/www.collectiviteslocales.gov.tn\/2020\/05\/18\/%d9%85%d9%86%d8%b8%d9%85%d8%a9-%d8%a7%d9%84%d8%b5%d8%ad%d8%a9-%d8%a7%d9%84%d8%b9%d8%a7%d9%84%d9%85%d9%8a%d8%a9-%d8%aa%d8%ad%d8%b3%d9%85-%d8%a7%d9%84%d8%ac%d8%af%d9%84-%d8%ad%d9%88%d9%84-%d9%81%d8%a7\/#webpage\"}}]},{\"@type\":\"Person\",\"@id\":\"http:\/\/www.collectiviteslocales.gov.tn\/#\/schema\/person\/205875e44a0f20b1eb6f68da6e5ebd0a\",\"name\":\"baccaraamal\"}]}<\/script>\n<!-- \/ Yoast SEO plugin. -->","_links":{"self":[{"href":"http:\/\/www.collectiviteslocales.gov.tn\/fr\/wp-json\/wp\/v2\/posts\/6582"}],"collection":[{"href":"http:\/\/www.collectiviteslocales.gov.tn\/fr\/wp-json\/wp\/v2\/posts"}],"about":[{"href":"http:\/\/www.collectiviteslocales.gov.tn\/fr\/wp-json\/wp\/v2\/types\/post"}],"author":[{"embeddable":true,"href":"http:\/\/www.collectiviteslocales.gov.tn\/fr\/wp-json\/wp\/v2\/users\/5"}],"replies":[{"embeddable":true,"href":"http:\/\/www.collectiviteslocales.gov.tn\/fr\/wp-json\/wp\/v2\/comments?post=6582"}],"version-history":[{"count":3,"href":"http:\/\/www.collectiviteslocales.gov.tn\/fr\/wp-json\/wp\/v2\/posts\/6582\/revisions"}],"predecessor-version":[{"id":6588,"href":"http:\/\/www.collectiviteslocales.gov.tn\/fr\/wp-json\/wp\/v2\/posts\/6582\/revisions\/6588"}],"wp:featuredmedia":[{"embeddable":true,"href":"http:\/\/www.collectiviteslocales.gov.tn\/fr\/wp-json\/wp\/v2\/media\/6584"}],"wp:attachment":[{"href":"http:\/\/www.collectiviteslocales.gov.tn\/fr\/wp-json\/wp\/v2\/media?parent=6582"}],"wp:term":[{"taxonomy":"category","embeddable":true,"href":"http:\/\/www.collectiviteslocales.gov.tn\/fr\/wp-json\/wp\/v2\/categories?post=6582"},{"taxonomy":"post_tag","embeddable":true,"href":"http:\/\/www.collectiviteslocales.gov.tn\/fr\/wp-json\/wp\/v2\/tags?post=6582"}],"curies":[{"name":"wp","href":"https:\/\/api.w.org\/{rel}","templated":true}]}}