{"id":6819,"date":"2020-07-21T00:19:38","date_gmt":"2020-07-20T23:19:38","guid":{"rendered":"http:\/\/www.collectiviteslocales.gov.tn\/?p=6819"},"modified":"2020-07-21T01:36:55","modified_gmt":"2020-07-21T00:36:55","slug":"communique2","status":"publish","type":"post","link":"http:\/\/www.collectiviteslocales.gov.tn\/fr\/2020\/07\/21\/communique2\/","title":{"rendered":"Communiqu\u00e9 pour le lancement de l&rsquo;appel \u00e0 manifestation d\u2019int\u00e9r\u00eat pour b\u00e9n\u00e9ficier de la composante lotissements \u00e0 prix abordable"},"content":{"rendered":"\n<figure class=\"wp-block-image size-large\"><img loading=\"lazy\" width=\"1024\" height=\"590\" src=\"http:\/\/www.collectiviteslocales.gov.tn\/wp-content\/uploads\/2020\/07\/tadhlir-1024x590.png\" alt=\"\" class=\"wp-image-6828\" srcset=\"http:\/\/www.collectiviteslocales.gov.tn\/wp-content\/uploads\/2020\/07\/tadhlir-1024x590.png 1024w, http:\/\/www.collectiviteslocales.gov.tn\/wp-content\/uploads\/2020\/07\/tadhlir-300x173.png 300w, http:\/\/www.collectiviteslocales.gov.tn\/wp-content\/uploads\/2020\/07\/tadhlir-768x442.png 768w, http:\/\/www.collectiviteslocales.gov.tn\/wp-content\/uploads\/2020\/07\/tadhlir-1536x885.png 1536w, http:\/\/www.collectiviteslocales.gov.tn\/wp-content\/uploads\/2020\/07\/tadhlir.png 1632w\" sizes=\"(max-width: 1024px) 100vw, 1024px\" \/><\/figure>\n\n\n\n<p>Communiqu\u00e9 pour le lancement de l&rsquo;appel \u00e0 manifestation d\u2019int\u00e9r\u00eat pour b\u00e9n\u00e9ficier de la composante lotissements \u00e0 prix abordable de la deuxi\u00e8me g\u00e9n\u00e9ration du programme de r\u00e9habilitation et d\u2019int\u00e9gration des quartiers d\u2019habitation PRIQH2\n\n<a href=\"http:\/\/www.collectiviteslocales.gov.tn\/communique-fr\/\" target=\"_blank\" class=\"shortc-button small black \" rel=\"noopener noreferrer\">\n<i class=\"fa fas fa-download\"><\/i>\n   &nbsp;  t\u00e9l\u00e9charger<\/a>\n\n<\/p>\n\n\n\n<p>\nDossier de manifestation d\u2019int\u00e9r\u00eat pour b\u00e9n\u00e9ficier de la composante lotissements \u00e0 prix abordable de la deuxi\u00e8me g\u00e9n\u00e9ration du programme de r\u00e9habilitation et d\u2019int\u00e9gration des quartiers d\u2019habitation\n<a href=\"http:\/\/www.collectiviteslocales.gov.tn\/ami-13-07-2020\/\" target=\"_blank\" class=\"shortc-button small black \" rel=\"noopener noreferrer\">\n<i class=\"fa fas fa-download\"><\/i>\n   &nbsp;  t\u00e9l\u00e9charger le dossier<\/a>\n\n<\/p>\n","protected":false},"excerpt":{"rendered":"<p>Communiqu\u00e9 pour le lancement de l&rsquo;appel \u00e0 manifestation d\u2019int\u00e9r\u00eat pour b\u00e9n\u00e9ficier de la composante lotissements \u00e0 prix abordable de la deuxi\u00e8me g\u00e9n\u00e9ration du programme de r\u00e9habilitation et d\u2019int\u00e9gration des quartiers d\u2019habitation PRIQH2 &nbsp; t\u00e9l\u00e9charger Dossier de manifestation d\u2019int\u00e9r\u00eat pour b\u00e9n\u00e9ficier de la composante lotissements \u00e0 prix abordable de la deuxi\u00e8me g\u00e9n\u00e9ration du programme de r\u00e9habilitation &hellip;<\/p>\n","protected":false},"author":5,"featured_media":6828,"comment_status":"closed","ping_status":"closed","sticky":true,"template":"","format":"standard","meta":[],"categories":[2,10,60],"tags":[],"yoast_head":"<!-- This site is optimized with the Yoast SEO plugin v16.3 - https:\/\/yoast.com\/wordpress\/plugins\/seo\/ -->\n<title>Communiqu\u00e9 pour le lancement de l&#039;appel \u00e0 manifestation d\u2019int\u00e9r\u00eat pour b\u00e9n\u00e9ficier de la composante lotissements \u00e0 prix abordable - \u0628\u0648\u0627\u0628\u0629 \u0627\u0644\u062c\u0645\u0627\u0639\u0627\u062a \u0627\u0644\u0645\u062d\u0644\u064a\u0629<\/title>\n<meta name=\"robots\" content=\"index, follow, max-snippet:-1, max-image-preview:large, max-video-preview:-1\" \/>\n<link rel=\"canonical\" href=\"http:\/\/www.collectiviteslocales.gov.tn\/fr\/2020\/07\/20\/communique\/\" \/>\n<meta property=\"og:locale\" content=\"fr_FR\" \/>\n<meta property=\"og:type\" content=\"article\" \/>\n<meta property=\"og:title\" content=\"Communiqu\u00e9 pour le lancement de l&#039;appel \u00e0 manifestation d\u2019int\u00e9r\u00eat pour b\u00e9n\u00e9ficier de la composante lotissements \u00e0 prix abordable - \u0628\u0648\u0627\u0628\u0629 \u0627\u0644\u062c\u0645\u0627\u0639\u0627\u062a \u0627\u0644\u0645\u062d\u0644\u064a\u0629\" \/>\n<meta property=\"og:description\" content=\"Communiqu\u00e9 pour le lancement de l&rsquo;appel \u00e0 manifestation d\u2019int\u00e9r\u00eat pour b\u00e9n\u00e9ficier de la composante lotissements \u00e0 prix abordable de la deuxi\u00e8me g\u00e9n\u00e9ration du programme de r\u00e9habilitation et d\u2019int\u00e9gration des quartiers d\u2019habitation PRIQH2 &nbsp; t\u00e9l\u00e9charger Dossier de manifestation d\u2019int\u00e9r\u00eat pour b\u00e9n\u00e9ficier de la composante lotissements \u00e0 prix abordable de la deuxi\u00e8me g\u00e9n\u00e9ration du programme de r\u00e9habilitation &hellip;\" \/>\n<meta property=\"og:url\" content=\"http:\/\/www.collectiviteslocales.gov.tn\/2020\/07\/20\/communique\/\" \/>\n<meta property=\"og:site_name\" content=\"\u0628\u0648\u0627\u0628\u0629 \u0627\u0644\u062c\u0645\u0627\u0639\u0627\u062a \u0627\u0644\u0645\u062d\u0644\u064a\u0629\" \/>\n<meta property=\"article:published_time\" content=\"2020-07-20T23:19:38+00:00\" \/>\n<meta property=\"article:modified_time\" content=\"2020-07-21T00:36:55+00:00\" \/>\n<meta property=\"og:image\" content=\"http:\/\/www.collectiviteslocales.gov.tn\/wp-content\/uploads\/2020\/07\/tadhlir.png\" \/>\n\t<meta property=\"og:image:width\" content=\"1632\" \/>\n\t<meta property=\"og:image:height\" content=\"940\" \/>\n<meta name=\"twitter:card\" content=\"summary_large_image\" \/>\n<script type=\"application\/ld+json\" class=\"yoast-schema-graph\">{\"@context\":\"https:\/\/schema.org\",\"@graph\":[{\"@type\":\"WebSite\",\"@id\":\"http:\/\/www.collectiviteslocales.gov.tn\/#website\",\"url\":\"http:\/\/www.collectiviteslocales.gov.tn\/\",\"name\":\"\\u0628\\u0648\\u0627\\u0628\\u0629 \\u0627\\u0644\\u062c\\u0645\\u0627\\u0639\\u0627\\u062a \\u0627\\u0644\\u0645\\u062d\\u0644\\u064a\\u0629\",\"description\":\"\\u0628\\u0648\\u0627\\u0628\\u0629 \\u0627\\u0644\\u062c\\u0645\\u0627\\u0639\\u0627\\u062a \\u0627\\u0644\\u0645\\u062d\\u0644\\u064a\\u0629\",\"potentialAction\":[{\"@type\":\"SearchAction\",\"target\":\"http:\/\/www.collectiviteslocales.gov.tn\/?s={search_term_string}\",\"query-input\":\"required name=search_term_string\"}],\"inLanguage\":\"fr-FR\"},{\"@type\":\"ImageObject\",\"@id\":\"http:\/\/www.collectiviteslocales.gov.tn\/2020\/07\/20\/communique\/#primaryimage\",\"inLanguage\":\"fr-FR\",\"url\":\"http:\/\/www.collectiviteslocales.gov.tn\/wp-content\/uploads\/2020\/07\/tadhlir.png\",\"contentUrl\":\"http:\/\/www.collectiviteslocales.gov.tn\/wp-content\/uploads\/2020\/07\/tadhlir.png\",\"width\":1632,\"height\":940},{\"@type\":\"WebPage\",\"@id\":\"http:\/\/www.collectiviteslocales.gov.tn\/2020\/07\/20\/communique\/#webpage\",\"url\":\"http:\/\/www.collectiviteslocales.gov.tn\/2020\/07\/20\/communique\/\",\"name\":\"Communiqu\\u00e9 pour le lancement de l'appel \\u00e0 manifestation d\\u2019int\\u00e9r\\u00eat pour b\\u00e9n\\u00e9ficier de la composante lotissements \\u00e0 prix abordable - \\u0628\\u0648\\u0627\\u0628\\u0629 \\u0627\\u0644\\u062c\\u0645\\u0627\\u0639\\u0627\\u062a \\u0627\\u0644\\u0645\\u062d\\u0644\\u064a\\u0629\",\"isPartOf\":{\"@id\":\"http:\/\/www.collectiviteslocales.gov.tn\/#website\"},\"primaryImageOfPage\":{\"@id\":\"http:\/\/www.collectiviteslocales.gov.tn\/2020\/07\/20\/communique\/#primaryimage\"},\"datePublished\":\"2020-07-20T23:19:38+00:00\",\"dateModified\":\"2020-07-21T00:36:55+00:00\",\"author\":{\"@id\":\"http:\/\/www.collectiviteslocales.gov.tn\/#\/schema\/person\/205875e44a0f20b1eb6f68da6e5ebd0a\"},\"breadcrumb\":{\"@id\":\"http:\/\/www.collectiviteslocales.gov.tn\/2020\/07\/20\/communique\/#breadcrumb\"},\"inLanguage\":\"fr-FR\",\"potentialAction\":[{\"@type\":\"ReadAction\",\"target\":[\"http:\/\/www.collectiviteslocales.gov.tn\/2020\/07\/20\/communique\/\"]}]},{\"@type\":\"BreadcrumbList\",\"@id\":\"http:\/\/www.collectiviteslocales.gov.tn\/2020\/07\/20\/communique\/#breadcrumb\",\"itemListElement\":[{\"@type\":\"ListItem\",\"position\":1,\"item\":{\"@type\":\"WebPage\",\"@id\":\"http:\/\/www.collectiviteslocales.gov.tn\/\",\"url\":\"http:\/\/www.collectiviteslocales.gov.tn\/\",\"name\":\"Accueil\"}},{\"@type\":\"ListItem\",\"position\":2,\"item\":{\"@id\":\"http:\/\/www.collectiviteslocales.gov.tn\/2020\/07\/20\/communique\/#webpage\"}}]},{\"@type\":\"Person\",\"@id\":\"http:\/\/www.collectiviteslocales.gov.tn\/#\/schema\/person\/205875e44a0f20b1eb6f68da6e5ebd0a\",\"name\":\"baccaraamal\"}]}<\/script>\n<!-- \/ Yoast SEO plugin. -->","_links":{"self":[{"href":"http:\/\/www.collectiviteslocales.gov.tn\/fr\/wp-json\/wp\/v2\/posts\/6819"}],"collection":[{"href":"http:\/\/www.collectiviteslocales.gov.tn\/fr\/wp-json\/wp\/v2\/posts"}],"about":[{"href":"http:\/\/www.collectiviteslocales.gov.tn\/fr\/wp-json\/wp\/v2\/types\/post"}],"author":[{"embeddable":true,"href":"http:\/\/www.collectiviteslocales.gov.tn\/fr\/wp-json\/wp\/v2\/users\/5"}],"replies":[{"embeddable":true,"href":"http:\/\/www.collectiviteslocales.gov.tn\/fr\/wp-json\/wp\/v2\/comments?post=6819"}],"version-history":[{"count":6,"href":"http:\/\/www.collectiviteslocales.gov.tn\/fr\/wp-json\/wp\/v2\/posts\/6819\/revisions"}],"predecessor-version":[{"id":6830,"href":"http:\/\/www.collectiviteslocales.gov.tn\/fr\/wp-json\/wp\/v2\/posts\/6819\/revisions\/6830"}],"wp:featuredmedia":[{"embeddable":true,"href":"http:\/\/www.collectiviteslocales.gov.tn\/fr\/wp-json\/wp\/v2\/media\/6828"}],"wp:attachment":[{"href":"http:\/\/www.collectiviteslocales.gov.tn\/fr\/wp-json\/wp\/v2\/media?parent=6819"}],"wp:term":[{"taxonomy":"category","embeddable":true,"href":"http:\/\/www.collectiviteslocales.gov.tn\/fr\/wp-json\/wp\/v2\/categories?post=6819"},{"taxonomy":"post_tag","embeddable":true,"href":"http:\/\/www.collectiviteslocales.gov.tn\/fr\/wp-json\/wp\/v2\/tags?post=6819"}],"curies":[{"name":"wp","href":"https:\/\/api.w.org\/{rel}","templated":true}]}}