{"id":7780,"date":"2020-07-14T17:41:06","date_gmt":"2020-07-14T16:41:06","guid":{"rendered":"http:\/\/www.collectiviteslocales.gov.tn\/?p=7780"},"modified":"2020-09-14T18:13:46","modified_gmt":"2020-09-14T17:13:46","slug":"demarrage-de-la-consultation-nationale-sur-le-processus-de-decentralisation","status":"publish","type":"post","link":"http:\/\/www.collectiviteslocales.gov.tn\/fr\/2020\/07\/14\/demarrage-de-la-consultation-nationale-sur-le-processus-de-decentralisation\/","title":{"rendered":"D\u00e9marrage de la consultation nationale sur le processus de d\u00e9centralisation"},"content":{"rendered":"\n<figure class=\"wp-block-embed-youtube wp-block-embed is-type-video is-provider-youtube wp-embed-aspect-16-9 wp-has-aspect-ratio\"><div class=\"wp-block-embed__wrapper\">\n<iframe loading=\"lazy\" title=\"\u0623\u062c\u0648\u0627\u0621 \u0627\u0644\u0646\u062f\u0648\u0629 \u0627\u0644\u0627\u0641\u062a\u062a\u0627\u062d\u064a\u0629 \u0644\u0644\u0627\u0633\u062a\u0634\u0627\u0631\u0629 \u0627\u0644\u0648\u0637\u0646\u064a\u0629 \u062d\u0648\u0644 \u0645\u0633\u0627\u0631 \u0627\u0644\u0644\u0627\u0645\u0631\u0643\u0632\u064a\u0629\" width=\"618\" height=\"348\" src=\"https:\/\/www.youtube.com\/embed\/G5cZaDmkx94?feature=oembed\" frameborder=\"0\" allow=\"accelerometer; autoplay; encrypted-media; gyroscope; picture-in-picture\" allowfullscreen><\/iframe>\n<\/div><\/figure>\n\n\n\n<p><a href=\"https:\/\/www.estichara.tn\/fr\/\"> Pour plus&nbsp;d&rsquo;informations,&nbsp;veuillez consulter le site&nbsp;Internet de la Consultation Nationale sur le Processus de D\u00e9centralisation<\/a><\/p>\n\n\n\n<p>Les travaux de la consultation nationale sur le processus de la d\u00e9centralisation se sont ouverts, mercredi, au Palais des Congr\u00e8s \u00e0 Tunis.<br>Cette consultation vise \u00e0 identifier les diff\u00e9rents obstacles qui entravent, jusque-l\u00e0, le transfert des attributions et le pouvoir de l\u2019Etat vers les collectivit\u00e9s territoriales ou les institutions publiques.<\/p>\n\n\n\n<p>L\u2019objectif de cette consultation qui s\u2019\u00e9talera sur 3 mois sous forme de grands workshops, est de d\u00e9finir les priorit\u00e9s de la prochaine phase et par la m\u00eame, d\u2019\u00e9valuer l\u2019exp\u00e9rience de la gouvernance locale, politique et administrative, a affirm\u00e9 Lotfi Zitoun, ministre des Affaires locales, lors d\u2019un point de presse, peu avant le d\u00e9marrage de la consultation nationale. La consultation vise, \u00e9galement, \u00e0 examiner le Code des collectivit\u00e9s locales et la loi \u00e9lectorale.<\/p>\n\n\n\n<p>D\u2019apr\u00e8s Zitoun, cette consultation comporte \u201d une feuille de route\u201d pour la mise en oeuvre du processus de la d\u00e9centralisation.<\/p>\n\n\n\n<p>Elle comporte des axes relatifs \u00e0 la fiscalit\u00e9 locale tant en termes de d\u00e9veloppement des ressources que de gouvernance et \u00e0 l\u2019\u00e9lection des conseils r\u00e9gionaux \u00e0 l\u2019horizon de l\u2019ann\u00e9e 2022.<\/p>\n\n\n\n<p>La consultation sur la d\u00e9centralisation s\u2019articule autour de quatre axes principaux \u00e0 savoir l\u2019\u00e9valuation de la d\u00e9centralisation \u00e0 travers l\u2019exp\u00e9rience des conseils \u00e9lus des mairies en 218, la mise en \u0153uvre du nouveau code des collectivit\u00e9s locales dans le cadre de la mise en place de la d\u00e9mocratie locale et l\u2019\u00e9largissement des pr\u00e9rogatives des conseils des r\u00e9gions et des collectivit\u00e9s locales.<\/p>\n\n\n\n<p>Un rapport sur cette consultation sera publi\u00e9, pour appuyer le projet de loi en question qui sera, \u00e0 son tour publi\u00e9, le 19 novembre 2020 \u00e0 l\u2019occasion de la journ\u00e9e des collectivit\u00e9s locales.<\/p>\n\n\n\n<p>Le minist\u00e8re des Affaires locales est invit\u00e9 \u00e0 pr\u00e9senter, \u00e0 l\u2019Assembl\u00e9e des repr\u00e9sentants du peuple, une \u00e9valuation de l\u2019avancement du processus de d\u00e9centralisation ainsi que des<br>propositions sur les moyens de d\u00e9velopper et de parachever ce processus, de mani\u00e8re \u00e0 consolider davantage le pouvoir local.<\/p>\n","protected":false},"excerpt":{"rendered":"<p>Pour plus&nbsp;d&rsquo;informations,&nbsp;veuillez consulter le site&nbsp;Internet de la Consultation Nationale sur le Processus de D\u00e9centralisation Les travaux de la consultation nationale sur le processus de la d\u00e9centralisation se sont ouverts, mercredi, au Palais des Congr\u00e8s \u00e0 Tunis.Cette consultation vise \u00e0 identifier les diff\u00e9rents obstacles qui entravent, jusque-l\u00e0, le transfert des attributions et le pouvoir de l\u2019Etat &hellip;<\/p>\n","protected":false},"author":5,"featured_media":7770,"comment_status":"closed","ping_status":"closed","sticky":true,"template":"","format":"standard","meta":[],"categories":[2,10,42],"tags":[],"yoast_head":"<!-- This site is optimized with the Yoast SEO plugin v16.3 - https:\/\/yoast.com\/wordpress\/plugins\/seo\/ -->\n<title>D\u00e9marrage de la consultation nationale sur le processus de d\u00e9centralisation - \u0628\u0648\u0627\u0628\u0629 \u0627\u0644\u062c\u0645\u0627\u0639\u0627\u062a \u0627\u0644\u0645\u062d\u0644\u064a\u0629<\/title>\n<meta name=\"robots\" content=\"index, follow, max-snippet:-1, max-image-preview:large, max-video-preview:-1\" \/>\n<link rel=\"canonical\" href=\"http:\/\/www.collectiviteslocales.gov.tn\/fr\/2020\/08\/14\/\u0627\u0646\u0637\u0644\u0627\u0642-\u0623\u0634\u063a\u0627\u0644-\u0627\u0641\u062a\u062a\u0627\u062d-\u0627\u0644\u0627\u0633\u062a\u0634\u0627\u0631\u0629-\u0627\u0644\u0648\u0637\u0646\u064a\/\" \/>\n<meta property=\"og:locale\" content=\"fr_FR\" \/>\n<meta property=\"og:type\" content=\"article\" \/>\n<meta property=\"og:title\" content=\"D\u00e9marrage de la consultation nationale sur le processus de d\u00e9centralisation - \u0628\u0648\u0627\u0628\u0629 \u0627\u0644\u062c\u0645\u0627\u0639\u0627\u062a \u0627\u0644\u0645\u062d\u0644\u064a\u0629\" \/>\n<meta property=\"og:description\" content=\"Pour plus&nbsp;d&rsquo;informations,&nbsp;veuillez consulter le site&nbsp;Internet de la Consultation Nationale sur le Processus de D\u00e9centralisation Les travaux de la consultation nationale sur le processus de la d\u00e9centralisation se sont ouverts, mercredi, au Palais des Congr\u00e8s \u00e0 Tunis.Cette consultation vise \u00e0 identifier les diff\u00e9rents obstacles qui entravent, jusque-l\u00e0, le transfert des attributions et le pouvoir de l\u2019Etat &hellip;\" \/>\n<meta property=\"og:url\" content=\"http:\/\/www.collectiviteslocales.gov.tn\/2020\/08\/14\/\u0627\u0646\u0637\u0644\u0627\u0642-\u0623\u0634\u063a\u0627\u0644-\u0627\u0641\u062a\u062a\u0627\u062d-\u0627\u0644\u0627\u0633\u062a\u0634\u0627\u0631\u0629-\u0627\u0644\u0648\u0637\u0646\u064a\/\" \/>\n<meta property=\"og:site_name\" content=\"\u0628\u0648\u0627\u0628\u0629 \u0627\u0644\u062c\u0645\u0627\u0639\u0627\u062a \u0627\u0644\u0645\u062d\u0644\u064a\u0629\" \/>\n<meta property=\"article:published_time\" content=\"2020-07-14T16:41:06+00:00\" \/>\n<meta property=\"article:modified_time\" content=\"2020-09-14T17:13:46+00:00\" \/>\n<meta property=\"og:image\" content=\"http:\/\/www.collectiviteslocales.gov.tn\/wp-content\/uploads\/2020\/09\/mondher-bousnina-1-1170x750-2.jpg\" \/>\n\t<meta property=\"og:image:width\" content=\"1170\" \/>\n\t<meta property=\"og:image:height\" content=\"750\" \/>\n<meta name=\"twitter:card\" content=\"summary_large_image\" \/>\n<meta name=\"twitter:label1\" content=\"Dur\u00e9e de lecture est.\">\n\t<meta name=\"twitter:data1\" content=\"2 minutes\">\n<script type=\"application\/ld+json\" class=\"yoast-schema-graph\">{\"@context\":\"https:\/\/schema.org\",\"@graph\":[{\"@type\":\"WebSite\",\"@id\":\"http:\/\/www.collectiviteslocales.gov.tn\/#website\",\"url\":\"http:\/\/www.collectiviteslocales.gov.tn\/\",\"name\":\"\\u0628\\u0648\\u0627\\u0628\\u0629 \\u0627\\u0644\\u062c\\u0645\\u0627\\u0639\\u0627\\u062a \\u0627\\u0644\\u0645\\u062d\\u0644\\u064a\\u0629\",\"description\":\"\\u0628\\u0648\\u0627\\u0628\\u0629 \\u0627\\u0644\\u062c\\u0645\\u0627\\u0639\\u0627\\u062a \\u0627\\u0644\\u0645\\u062d\\u0644\\u064a\\u0629\",\"potentialAction\":[{\"@type\":\"SearchAction\",\"target\":\"http:\/\/www.collectiviteslocales.gov.tn\/?s={search_term_string}\",\"query-input\":\"required name=search_term_string\"}],\"inLanguage\":\"fr-FR\"},{\"@type\":\"ImageObject\",\"@id\":\"http:\/\/www.collectiviteslocales.gov.tn\/2020\/08\/14\/%d8%a7%d9%86%d8%b7%d9%84%d8%a7%d9%82-%d8%a3%d8%b4%d8%ba%d8%a7%d9%84-%d8%a7%d9%81%d8%aa%d8%aa%d8%a7%d8%ad-%d8%a7%d9%84%d8%a7%d8%b3%d8%aa%d8%b4%d8%a7%d8%b1%d8%a9-%d8%a7%d9%84%d9%88%d8%b7%d9%86%d9%8a\/#primaryimage\",\"inLanguage\":\"fr-FR\",\"url\":\"http:\/\/www.collectiviteslocales.gov.tn\/wp-content\/uploads\/2020\/09\/mondher-bousnina-1-1170x750-2.jpg\",\"contentUrl\":\"http:\/\/www.collectiviteslocales.gov.tn\/wp-content\/uploads\/2020\/09\/mondher-bousnina-1-1170x750-2.jpg\",\"width\":1170,\"height\":750},{\"@type\":\"WebPage\",\"@id\":\"http:\/\/www.collectiviteslocales.gov.tn\/2020\/08\/14\/%d8%a7%d9%86%d8%b7%d9%84%d8%a7%d9%82-%d8%a3%d8%b4%d8%ba%d8%a7%d9%84-%d8%a7%d9%81%d8%aa%d8%aa%d8%a7%d8%ad-%d8%a7%d9%84%d8%a7%d8%b3%d8%aa%d8%b4%d8%a7%d8%b1%d8%a9-%d8%a7%d9%84%d9%88%d8%b7%d9%86%d9%8a\/#webpage\",\"url\":\"http:\/\/www.collectiviteslocales.gov.tn\/2020\/08\/14\/%d8%a7%d9%86%d8%b7%d9%84%d8%a7%d9%82-%d8%a3%d8%b4%d8%ba%d8%a7%d9%84-%d8%a7%d9%81%d8%aa%d8%aa%d8%a7%d8%ad-%d8%a7%d9%84%d8%a7%d8%b3%d8%aa%d8%b4%d8%a7%d8%b1%d8%a9-%d8%a7%d9%84%d9%88%d8%b7%d9%86%d9%8a\/\",\"name\":\"D\\u00e9marrage de la consultation nationale sur le processus de d\\u00e9centralisation - \\u0628\\u0648\\u0627\\u0628\\u0629 \\u0627\\u0644\\u062c\\u0645\\u0627\\u0639\\u0627\\u062a \\u0627\\u0644\\u0645\\u062d\\u0644\\u064a\\u0629\",\"isPartOf\":{\"@id\":\"http:\/\/www.collectiviteslocales.gov.tn\/#website\"},\"primaryImageOfPage\":{\"@id\":\"http:\/\/www.collectiviteslocales.gov.tn\/2020\/08\/14\/%d8%a7%d9%86%d8%b7%d9%84%d8%a7%d9%82-%d8%a3%d8%b4%d8%ba%d8%a7%d9%84-%d8%a7%d9%81%d8%aa%d8%aa%d8%a7%d8%ad-%d8%a7%d9%84%d8%a7%d8%b3%d8%aa%d8%b4%d8%a7%d8%b1%d8%a9-%d8%a7%d9%84%d9%88%d8%b7%d9%86%d9%8a\/#primaryimage\"},\"datePublished\":\"2020-07-14T16:41:06+00:00\",\"dateModified\":\"2020-09-14T17:13:46+00:00\",\"author\":{\"@id\":\"http:\/\/www.collectiviteslocales.gov.tn\/#\/schema\/person\/205875e44a0f20b1eb6f68da6e5ebd0a\"},\"breadcrumb\":{\"@id\":\"http:\/\/www.collectiviteslocales.gov.tn\/2020\/08\/14\/%d8%a7%d9%86%d8%b7%d9%84%d8%a7%d9%82-%d8%a3%d8%b4%d8%ba%d8%a7%d9%84-%d8%a7%d9%81%d8%aa%d8%aa%d8%a7%d8%ad-%d8%a7%d9%84%d8%a7%d8%b3%d8%aa%d8%b4%d8%a7%d8%b1%d8%a9-%d8%a7%d9%84%d9%88%d8%b7%d9%86%d9%8a\/#breadcrumb\"},\"inLanguage\":\"fr-FR\",\"potentialAction\":[{\"@type\":\"ReadAction\",\"target\":[\"http:\/\/www.collectiviteslocales.gov.tn\/2020\/08\/14\/%d8%a7%d9%86%d8%b7%d9%84%d8%a7%d9%82-%d8%a3%d8%b4%d8%ba%d8%a7%d9%84-%d8%a7%d9%81%d8%aa%d8%aa%d8%a7%d8%ad-%d8%a7%d9%84%d8%a7%d8%b3%d8%aa%d8%b4%d8%a7%d8%b1%d8%a9-%d8%a7%d9%84%d9%88%d8%b7%d9%86%d9%8a\/\"]}]},{\"@type\":\"BreadcrumbList\",\"@id\":\"http:\/\/www.collectiviteslocales.gov.tn\/2020\/08\/14\/%d8%a7%d9%86%d8%b7%d9%84%d8%a7%d9%82-%d8%a3%d8%b4%d8%ba%d8%a7%d9%84-%d8%a7%d9%81%d8%aa%d8%aa%d8%a7%d8%ad-%d8%a7%d9%84%d8%a7%d8%b3%d8%aa%d8%b4%d8%a7%d8%b1%d8%a9-%d8%a7%d9%84%d9%88%d8%b7%d9%86%d9%8a\/#breadcrumb\",\"itemListElement\":[{\"@type\":\"ListItem\",\"position\":1,\"item\":{\"@type\":\"WebPage\",\"@id\":\"http:\/\/www.collectiviteslocales.gov.tn\/\",\"url\":\"http:\/\/www.collectiviteslocales.gov.tn\/\",\"name\":\"Accueil\"}},{\"@type\":\"ListItem\",\"position\":2,\"item\":{\"@id\":\"http:\/\/www.collectiviteslocales.gov.tn\/2020\/08\/14\/%d8%a7%d9%86%d8%b7%d9%84%d8%a7%d9%82-%d8%a3%d8%b4%d8%ba%d8%a7%d9%84-%d8%a7%d9%81%d8%aa%d8%aa%d8%a7%d8%ad-%d8%a7%d9%84%d8%a7%d8%b3%d8%aa%d8%b4%d8%a7%d8%b1%d8%a9-%d8%a7%d9%84%d9%88%d8%b7%d9%86%d9%8a\/#webpage\"}}]},{\"@type\":\"Person\",\"@id\":\"http:\/\/www.collectiviteslocales.gov.tn\/#\/schema\/person\/205875e44a0f20b1eb6f68da6e5ebd0a\",\"name\":\"baccaraamal\"}]}<\/script>\n<!-- \/ Yoast SEO plugin. -->","_links":{"self":[{"href":"http:\/\/www.collectiviteslocales.gov.tn\/fr\/wp-json\/wp\/v2\/posts\/7780"}],"collection":[{"href":"http:\/\/www.collectiviteslocales.gov.tn\/fr\/wp-json\/wp\/v2\/posts"}],"about":[{"href":"http:\/\/www.collectiviteslocales.gov.tn\/fr\/wp-json\/wp\/v2\/types\/post"}],"author":[{"embeddable":true,"href":"http:\/\/www.collectiviteslocales.gov.tn\/fr\/wp-json\/wp\/v2\/users\/5"}],"replies":[{"embeddable":true,"href":"http:\/\/www.collectiviteslocales.gov.tn\/fr\/wp-json\/wp\/v2\/comments?post=7780"}],"version-history":[{"count":3,"href":"http:\/\/www.collectiviteslocales.gov.tn\/fr\/wp-json\/wp\/v2\/posts\/7780\/revisions"}],"predecessor-version":[{"id":7785,"href":"http:\/\/www.collectiviteslocales.gov.tn\/fr\/wp-json\/wp\/v2\/posts\/7780\/revisions\/7785"}],"wp:featuredmedia":[{"embeddable":true,"href":"http:\/\/www.collectiviteslocales.gov.tn\/fr\/wp-json\/wp\/v2\/media\/7770"}],"wp:attachment":[{"href":"http:\/\/www.collectiviteslocales.gov.tn\/fr\/wp-json\/wp\/v2\/media?parent=7780"}],"wp:term":[{"taxonomy":"category","embeddable":true,"href":"http:\/\/www.collectiviteslocales.gov.tn\/fr\/wp-json\/wp\/v2\/categories?post=7780"},{"taxonomy":"post_tag","embeddable":true,"href":"http:\/\/www.collectiviteslocales.gov.tn\/fr\/wp-json\/wp\/v2\/tags?post=7780"}],"curies":[{"name":"wp","href":"https:\/\/api.w.org\/{rel}","templated":true}]}}