{"id":8860,"date":"2019-01-26T11:29:00","date_gmt":"2019-01-26T10:29:00","guid":{"rendered":"http:\/\/www.collectiviteslocales.gov.tn\/?p=8860"},"modified":"2021-01-26T11:30:37","modified_gmt":"2021-01-26T10:30:37","slug":"decret-gouvernemental-n-2018-1060-du-17-decembre-2018-fixant-les-modalites-et-procedures-de-publication-des-actes-et-documents-y-afferents-au-journal-officiel-des-collectivites-locales-et-sur-l","status":"publish","type":"post","link":"http:\/\/www.collectiviteslocales.gov.tn\/fr\/2019\/01\/26\/decret-gouvernemental-n-2018-1060-du-17-decembre-2018-fixant-les-modalites-et-procedures-de-publication-des-actes-et-documents-y-afferents-au-journal-officiel-des-collectivites-locales-et-sur-l\/","title":{"rendered":"D\u00e9cret gouvernemental n\u00b0 2018-1060 du 17 d\u00e9cembre 2018, fixant les modalit\u00e9s et proc\u00e9dures de publication des actes et documents y aff\u00e9rents au Journal Officiel des collectivit\u00e9s locales et sur les sites \u00e9lectroniques des collectivit\u00e9s locales et de leur affichage"},"content":{"rendered":"\n<p>Le chef du gouvernement,<\/p>\n\n\n\n<p>Sur proposition du ministre des affaire locales et de l\u2019environnement,<\/p>\n\n\n\n<p>Vu la constitution,<\/p>\n\n\n\n<p>Vu la loi organique n\u00b0 2016-22 du 24 mars 2016, relative au droit d\u2019acc\u00e8s \u00e0 l\u2019information,<\/p>\n\n\n\n<p>Vu la loi organique n\u00b0 2018-29 du 9 mai 2018, relative au code des collectivit\u00e9s locales et notamment ses articles 25, 26, 28, 30, 34, 36, 41,45,46, 50, 55, 57, 62, 76, 78, 79, 88, 111, 122, 124, 140, 141, 143,149, 156, 176, 191, 202, 216, 218, 224, 261, 276, 311, 314, 320, 331, 346, 355, 368, 382 et 387,<\/p>\n\n\n\n<p>Vu la loi n\u00b0 65-46 du 31 d\u00e9cembre 1965, portant loi de finances pour la gestion 1966 et notamment son article 26, relatif \u00e0 la cr\u00e9ation de l&rsquo;Imprimerie Officielle de la R\u00e9publique Tunisienne,<\/p>\n\n\n\n<p>Vu le d\u00e9cret n\u00b0 2000-1685 du 17 juillet 2000, fixant l&rsquo;organisation administrative et financi\u00e8re et les modalit\u00e9s de fonctionnement de l&rsquo;Imprimerie Officielle de la R\u00e9publique Tunisienne, tel que modifi\u00e9 et compl\u00e9t\u00e9 par le d\u00e9cret n\u00b0 2006-3050 du 20 novembre 2006,<\/p>\n\n\n\n<p>Vu le d\u00e9cret Pr\u00e9sidentiel n\u00b0 2016-107 du 27 ao\u00fbt 2016, portant nomination du chef du gouvernement et de ses membres,<\/p>\n\n\n\n<p>Vu le d\u00e9cret Pr\u00e9sidentiel n\u00b0 2018-125 du 14 novembre 2018, portant nomination de membres du gouvernement,<\/p>\n\n\n\n<p>Vu l&rsquo;avis du tribunal administratif.<\/p>\n\n\n\n<p>Prend le d\u00e9cret gouvernemental dont la teneur suit :<\/p>\n\n\n\n<p>Chapitre premier<\/p>\n\n\n\n<p>De la publication au Journal Officiel des collectivit\u00e9s locales<\/p>\n\n\n\n<p><strong><em>Article premier \u2013<\/em><\/strong>&nbsp;Les collectivit\u00e9s locales et le haut conseil des collectivit\u00e9s locales, selon le cas, transmettent \u00e0 l&rsquo;Imprimerie Officielle de la R\u00e9publique Tunisienne une copie \u00e9lectronique s\u00e9curis\u00e9e des d\u00e9lib\u00e9rations et rapports concern\u00e9s par la publication au Journal Officiel des collectivit\u00e9s locales pour les ins\u00e9rer dans ce journal.<\/p>\n\n\n\n<p>Les collectivit\u00e9s locales adressent \u00e9galement une copie \u00e9lectronique s\u00e9curis\u00e9e des documents susmentionn\u00e9s au haut conseil des collectivit\u00e9s locales.<\/p>\n\n\n\n<p>Les collectivit\u00e9s locales n&rsquo;adressent les actes \u00e0 caract\u00e8re g\u00e9n\u00e9ral relatifs aux redevances, taxes, droits et montants divers vis\u00e9s par l&rsquo;article 143 du code des collectivit\u00e9s locales \u00e0 l&rsquo;Imprimerie Officielle de la R\u00e9publique Tunisienne pour publication au Journal Officiel des collectivit\u00e9s locales qu&rsquo;apr\u00e8s expiration du d\u00e9lai d&rsquo;opposition sans qu&rsquo;elle advienne ou lorsqu&rsquo;ils deviennent d\u00e9finitifs.<\/p>\n\n\n\n<p>Un site \u00e9lectronique sp\u00e9cifique est d\u00e9di\u00e9 au Journal Officiel des collectivit\u00e9s locales auquel il est acc\u00e9d\u00e9 via l&rsquo;adresse suivante : www.jocl.tn<\/p>\n\n\n\n<p>La publication au journal officiel des collectivit\u00e9s locales a lieu en langue arabe.<\/p>\n\n\n\n<p>En outre, les actes r\u00e9glementaires des collectivit\u00e9s locales peuvent \u00eatre \u00e9galement publi\u00e9s en langues fran\u00e7aise et anglaise aux fins d&rsquo;information.<\/p>\n\n\n\n<p><strong><em>Art. 2 \u2013&nbsp;<\/em><\/strong>L&rsquo;Imprimerie Officielle de la R\u00e9publique Tunisienne \u00e9dite gratuitement le Journal Officiel des collectivit\u00e9s locales dans une version \u00e9lectronique s\u00e9curis\u00e9e, en permettant son t\u00e9l\u00e9chargement.<\/p>\n\n\n\n<p>A l&rsquo;exception des actes r\u00e9glementaires, sont publi\u00e9s au Journal Officiel des collectivit\u00e9s locales les d\u00e9lib\u00e9rations, rapports et documents dont la publication dans ce journal est exig\u00e9e par la l\u00e9gislation en vigueur et ce, dans un d\u00e9lai maximum de soixante (60) jours \u00e0 partir de la date \u00e0 laquelle il en est notifi\u00e9 une copie par tous les moyens s\u00e9curis\u00e9s.<\/p>\n\n\n\n<p>Sur demande de la collectivit\u00e9 locale, les actes sont publi\u00e9s sur support papier \u00e0 condition que la collectivit\u00e9 concern\u00e9e prenne en charge les co\u00fbts de la publication.<\/p>\n\n\n\n<p>Le journal officiel des collectivit\u00e9s locales est \u00e9dit\u00e9 deux fois par semaine.<\/p>\n\n\n\n<p>Sont publi\u00e9s dans des num\u00e9ros sp\u00e9ciaux du journal officiel des collectivit\u00e9s locales les documents suivants:<\/p>\n\n\n\n<ul><li>le rapport annuel de la haute instance des finances locales pr\u00e9vu par l&rsquo;article 62 du code des collectivit\u00e9s locales et ce, avant la fin du mois de juin de l&rsquo;ann\u00e9e suivante,<\/li><li>les rapports d&rsquo;\u00e9valuation des op\u00e9rations de transfert des comp\u00e9tences \u00e9labor\u00e9s par le haut conseil des collectivit\u00e9s locales pr\u00e9vus par l&rsquo;article 55 du code des collectivit\u00e9s locales.<\/li><li>des num\u00e9ros sp\u00e9ciaux du Journal Officiel des collectivit\u00e9s locales peuvent \u00eatre \u00e9galement publi\u00e9s chaque fois que n\u00e9cessaire.<\/li><\/ul>\n\n\n\n<p><strong><em>Art. 3 \u2013&nbsp;<\/em><\/strong>L&rsquo;Imprimerie Officielle de la R\u00e9publique Tunisienne transmet cinq (5) exemplaires sur support papier de chaque num\u00e9ro du Journal Officiel des collectivit\u00e9s locales au haut conseil des collectivit\u00e9s locales et aux archives nationales.<\/p>\n\n\n\n<p><strong>Chapitre II \u2013 De la publication des actes des collectivit\u00e9s locales et des documents y aff\u00e9rents sur leurs sites et portails \u00e9lectroniques<\/strong><\/p>\n\n\n\n<p>Section premi\u00e8re &#8211; De la publication sur les sites \u00e9lectroniques des collectivit\u00e9s locales et du haut conseil des collectivit\u00e9s locales<\/p>\n\n\n\n<p><strong><em>Art. 4 \u2013&nbsp;<\/em><\/strong>Une partie du site \u00e9lectronique de la collectivit\u00e9 locale est r\u00e9serv\u00e9e \u00e0 la publication des actes via un lien commun renvoyant directement au site officiel du Journal Officiel des collectivit\u00e9s locales et au portail des collectivit\u00e9s locales vis\u00e9 \u00e0 l&rsquo;article 5 du pr\u00e9sent d\u00e9cret gouvernemental.<\/p>\n\n\n\n<p><strong>Section 2 \u2013 De la publication sur le portail r\u00e9serv\u00e9 aux collectivit\u00e9s locales<\/strong><\/p>\n\n\n\n<p><strong><em>Art. 5 \u2013&nbsp;<\/em><\/strong>Dans un d\u00e9lai maximum de quatre mois \u00e0 compter de sa mise en place, le haut conseil des collectivit\u00e9s locales proc\u00e8de \u00e0 l&rsquo;exploitation du portail \u00e9lectronique des collectivit\u00e9s locales dont une partie est r\u00e9serv\u00e9e pour l&rsquo;insertion du Journal Officiel des collectivit\u00e9s locales, via un lien commun renvoyant directement au site officiel du Journal Officiel des collectivit\u00e9s locales.<\/p>\n\n\n\n<p><strong>Chapitre III \u2013 De l&rsquo;affichage des actes des collectivit\u00e9s locales et des documents y aff\u00e9rents<\/strong><\/p>\n\n\n\n<p><strong><em>Art. 6 \u2013&nbsp;<\/em><\/strong>Sous r\u00e9serve des d\u00e9lais relatifs aux cas particuliers d&rsquo;affichage et de leurs dur\u00e9es, les copies des actes des collectivit\u00e9s locales et des r\u00e9sum\u00e9s des d\u00e9lib\u00e9rations de leurs conseils portant la date du d\u00e9but de l&rsquo;affichage sont affich\u00e9es sur support papier ou num\u00e9rique pour une dur\u00e9e de quinze (15) jours aux entr\u00e9es de leurs si\u00e8ges, des si\u00e8ges des arrondissements municipaux et dans des espaces ouverts au public que les collectivit\u00e9s r\u00e9servent \u00e0 cet effet et ce, dans un d\u00e9lai maximum de cinq (5)jours \u00e0 compter de la date de l&rsquo;acte, d\u00e9lib\u00e9ration ou approbation du document y aff\u00e9rent.<\/p>\n\n\n\n<p>Les actes r\u00e8glementaires ne sont affich\u00e9s qu&rsquo;apr\u00e8s leur entr\u00e9e en vigueur.<\/p>\n\n\n\n<p><strong>Chapitre IV \u2013 Dispositions finales<\/strong><\/p>\n\n\n\n<p><strong><em>Art. 7 \u2013&nbsp;<\/em><\/strong>Le pr\u00e9sent d\u00e9cret gouvernemental entre en vigueur apr\u00e8s l&rsquo;extinction d&rsquo;un d\u00e9lai de trois mois \u00e0 compter de sa date de publication au Journal Officiel de la R\u00e9publique Tunisienne.<\/p>\n\n\n\n<p><strong><em>Art. 8 \u2013&nbsp;<\/em><\/strong>Le ministre des affaires locales est charg\u00e9 de l\u2019ex\u00e9cution du pr\u00e9sent d\u00e9cret gouvernemental qui sera publi\u00e9 au Journal Officiel de la R\u00e9publique Tunisienne.<\/p>\n\n\n\n<p><strong>Tunis, le 17 d\u00e9cembre 2018.<\/strong><\/p>\n","protected":false},"excerpt":{"rendered":"<p>Le chef du gouvernement, Sur proposition du ministre des affaire locales et de l\u2019environnement, Vu la constitution, Vu la loi organique n\u00b0 2016-22 du 24 mars 2016, relative au droit d\u2019acc\u00e8s \u00e0 l\u2019information, Vu la loi organique n\u00b0 2018-29 du 9 mai 2018, relative au code des collectivit\u00e9s locales et notamment ses articles 25, 26, &hellip;<\/p>\n","protected":false},"author":5,"featured_media":0,"comment_status":"closed","ping_status":"closed","sticky":false,"template":"","format":"standard","meta":[],"categories":[83],"tags":[],"yoast_head":"<!-- This site is optimized with the Yoast SEO plugin v16.3 - https:\/\/yoast.com\/wordpress\/plugins\/seo\/ -->\n<title>D\u00e9cret gouvernemental n\u00b0 2018-1060 du 17 d\u00e9cembre 2018, fixant les modalit\u00e9s et proc\u00e9dures de publication des actes et documents y aff\u00e9rents au Journal Officiel des collectivit\u00e9s locales et sur les sites \u00e9lectroniques des collectivit\u00e9s locales et de leur affichage - \u0628\u0648\u0627\u0628\u0629 \u0627\u0644\u062c\u0645\u0627\u0639\u0627\u062a \u0627\u0644\u0645\u062d\u0644\u064a\u0629<\/title>\n<meta name=\"robots\" content=\"index, follow, max-snippet:-1, max-image-preview:large, max-video-preview:-1\" \/>\n<link rel=\"canonical\" href=\"http:\/\/www.collectiviteslocales.gov.tn\/fr\/2018\/12\/17\/\u0623\u0645\u0631-\u062d\u0643\u0648\u0645\u064a-\u0639\u062f\u062f-1060-\u0644\u0633\u0646\u0629-2018-\u0627\u0644\u0645\u0624\u0631\u062e-\u0641\u064a-17-\u062f\u064a\u0633\u0645\u0628\u0631-2018\/\" \/>\n<meta property=\"og:locale\" content=\"fr_FR\" \/>\n<meta property=\"og:type\" content=\"article\" \/>\n<meta property=\"og:title\" content=\"D\u00e9cret gouvernemental n\u00b0 2018-1060 du 17 d\u00e9cembre 2018, fixant les modalit\u00e9s et proc\u00e9dures de publication des actes et documents y aff\u00e9rents au Journal Officiel des collectivit\u00e9s locales et sur les sites \u00e9lectroniques des collectivit\u00e9s locales et de leur affichage - \u0628\u0648\u0627\u0628\u0629 \u0627\u0644\u062c\u0645\u0627\u0639\u0627\u062a \u0627\u0644\u0645\u062d\u0644\u064a\u0629\" \/>\n<meta property=\"og:description\" content=\"Le chef du gouvernement, Sur proposition du ministre des affaire locales et de l\u2019environnement, Vu la constitution, Vu la loi organique n\u00b0 2016-22 du 24 mars 2016, relative au droit d\u2019acc\u00e8s \u00e0 l\u2019information, Vu la loi organique n\u00b0 2018-29 du 9 mai 2018, relative au code des collectivit\u00e9s locales et notamment ses articles 25, 26, &hellip;\" \/>\n<meta property=\"og:url\" content=\"http:\/\/www.collectiviteslocales.gov.tn\/2018\/12\/17\/\u0623\u0645\u0631-\u062d\u0643\u0648\u0645\u064a-\u0639\u062f\u062f-1060-\u0644\u0633\u0646\u0629-2018-\u0627\u0644\u0645\u0624\u0631\u062e-\u0641\u064a-17-\u062f\u064a\u0633\u0645\u0628\u0631-2018\/\" \/>\n<meta property=\"og:site_name\" content=\"\u0628\u0648\u0627\u0628\u0629 \u0627\u0644\u062c\u0645\u0627\u0639\u0627\u062a \u0627\u0644\u0645\u062d\u0644\u064a\u0629\" \/>\n<meta property=\"article:published_time\" content=\"2019-01-26T10:29:00+00:00\" \/>\n<meta property=\"article:modified_time\" content=\"2021-01-26T10:30:37+00:00\" \/>\n<meta name=\"twitter:card\" content=\"summary_large_image\" \/>\n<meta name=\"twitter:label1\" content=\"Dur\u00e9e de lecture est.\">\n\t<meta name=\"twitter:data1\" content=\"5 minutes\">\n<script type=\"application\/ld+json\" class=\"yoast-schema-graph\">{\"@context\":\"https:\/\/schema.org\",\"@graph\":[{\"@type\":\"WebSite\",\"@id\":\"http:\/\/www.collectiviteslocales.gov.tn\/#website\",\"url\":\"http:\/\/www.collectiviteslocales.gov.tn\/\",\"name\":\"\\u0628\\u0648\\u0627\\u0628\\u0629 \\u0627\\u0644\\u062c\\u0645\\u0627\\u0639\\u0627\\u062a \\u0627\\u0644\\u0645\\u062d\\u0644\\u064a\\u0629\",\"description\":\"\\u0628\\u0648\\u0627\\u0628\\u0629 \\u0627\\u0644\\u062c\\u0645\\u0627\\u0639\\u0627\\u062a \\u0627\\u0644\\u0645\\u062d\\u0644\\u064a\\u0629\",\"potentialAction\":[{\"@type\":\"SearchAction\",\"target\":\"http:\/\/www.collectiviteslocales.gov.tn\/?s={search_term_string}\",\"query-input\":\"required name=search_term_string\"}],\"inLanguage\":\"fr-FR\"},{\"@type\":\"WebPage\",\"@id\":\"http:\/\/www.collectiviteslocales.gov.tn\/2018\/12\/17\/%d8%a3%d9%85%d8%b1-%d8%ad%d9%83%d9%88%d9%85%d9%8a-%d8%b9%d8%af%d8%af-1060-%d9%84%d8%b3%d9%86%d8%a9-2018-%d8%a7%d9%84%d9%85%d8%a4%d8%b1%d8%ae-%d9%81%d9%8a-17-%d8%af%d9%8a%d8%b3%d9%85%d8%a8%d8%b1-2018\/#webpage\",\"url\":\"http:\/\/www.collectiviteslocales.gov.tn\/2018\/12\/17\/%d8%a3%d9%85%d8%b1-%d8%ad%d9%83%d9%88%d9%85%d9%8a-%d8%b9%d8%af%d8%af-1060-%d9%84%d8%b3%d9%86%d8%a9-2018-%d8%a7%d9%84%d9%85%d8%a4%d8%b1%d8%ae-%d9%81%d9%8a-17-%d8%af%d9%8a%d8%b3%d9%85%d8%a8%d8%b1-2018\/\",\"name\":\"D\\u00e9cret gouvernemental n\\u00b0 2018-1060 du 17 d\\u00e9cembre 2018, fixant les modalit\\u00e9s et proc\\u00e9dures de publication des actes et documents y aff\\u00e9rents au Journal Officiel des collectivit\\u00e9s locales et sur les sites \\u00e9lectroniques des collectivit\\u00e9s locales et de leur affichage - \\u0628\\u0648\\u0627\\u0628\\u0629 \\u0627\\u0644\\u062c\\u0645\\u0627\\u0639\\u0627\\u062a \\u0627\\u0644\\u0645\\u062d\\u0644\\u064a\\u0629\",\"isPartOf\":{\"@id\":\"http:\/\/www.collectiviteslocales.gov.tn\/#website\"},\"datePublished\":\"2019-01-26T10:29:00+00:00\",\"dateModified\":\"2021-01-26T10:30:37+00:00\",\"author\":{\"@id\":\"http:\/\/www.collectiviteslocales.gov.tn\/#\/schema\/person\/205875e44a0f20b1eb6f68da6e5ebd0a\"},\"breadcrumb\":{\"@id\":\"http:\/\/www.collectiviteslocales.gov.tn\/2018\/12\/17\/%d8%a3%d9%85%d8%b1-%d8%ad%d9%83%d9%88%d9%85%d9%8a-%d8%b9%d8%af%d8%af-1060-%d9%84%d8%b3%d9%86%d8%a9-2018-%d8%a7%d9%84%d9%85%d8%a4%d8%b1%d8%ae-%d9%81%d9%8a-17-%d8%af%d9%8a%d8%b3%d9%85%d8%a8%d8%b1-2018\/#breadcrumb\"},\"inLanguage\":\"fr-FR\",\"potentialAction\":[{\"@type\":\"ReadAction\",\"target\":[\"http:\/\/www.collectiviteslocales.gov.tn\/2018\/12\/17\/%d8%a3%d9%85%d8%b1-%d8%ad%d9%83%d9%88%d9%85%d9%8a-%d8%b9%d8%af%d8%af-1060-%d9%84%d8%b3%d9%86%d8%a9-2018-%d8%a7%d9%84%d9%85%d8%a4%d8%b1%d8%ae-%d9%81%d9%8a-17-%d8%af%d9%8a%d8%b3%d9%85%d8%a8%d8%b1-2018\/\"]}]},{\"@type\":\"BreadcrumbList\",\"@id\":\"http:\/\/www.collectiviteslocales.gov.tn\/2018\/12\/17\/%d8%a3%d9%85%d8%b1-%d8%ad%d9%83%d9%88%d9%85%d9%8a-%d8%b9%d8%af%d8%af-1060-%d9%84%d8%b3%d9%86%d8%a9-2018-%d8%a7%d9%84%d9%85%d8%a4%d8%b1%d8%ae-%d9%81%d9%8a-17-%d8%af%d9%8a%d8%b3%d9%85%d8%a8%d8%b1-2018\/#breadcrumb\",\"itemListElement\":[{\"@type\":\"ListItem\",\"position\":1,\"item\":{\"@type\":\"WebPage\",\"@id\":\"http:\/\/www.collectiviteslocales.gov.tn\/\",\"url\":\"http:\/\/www.collectiviteslocales.gov.tn\/\",\"name\":\"Accueil\"}},{\"@type\":\"ListItem\",\"position\":2,\"item\":{\"@id\":\"http:\/\/www.collectiviteslocales.gov.tn\/2018\/12\/17\/%d8%a3%d9%85%d8%b1-%d8%ad%d9%83%d9%88%d9%85%d9%8a-%d8%b9%d8%af%d8%af-1060-%d9%84%d8%b3%d9%86%d8%a9-2018-%d8%a7%d9%84%d9%85%d8%a4%d8%b1%d8%ae-%d9%81%d9%8a-17-%d8%af%d9%8a%d8%b3%d9%85%d8%a8%d8%b1-2018\/#webpage\"}}]},{\"@type\":\"Person\",\"@id\":\"http:\/\/www.collectiviteslocales.gov.tn\/#\/schema\/person\/205875e44a0f20b1eb6f68da6e5ebd0a\",\"name\":\"baccaraamal\"}]}<\/script>\n<!-- \/ Yoast SEO plugin. -->","_links":{"self":[{"href":"http:\/\/www.collectiviteslocales.gov.tn\/fr\/wp-json\/wp\/v2\/posts\/8860"}],"collection":[{"href":"http:\/\/www.collectiviteslocales.gov.tn\/fr\/wp-json\/wp\/v2\/posts"}],"about":[{"href":"http:\/\/www.collectiviteslocales.gov.tn\/fr\/wp-json\/wp\/v2\/types\/post"}],"author":[{"embeddable":true,"href":"http:\/\/www.collectiviteslocales.gov.tn\/fr\/wp-json\/wp\/v2\/users\/5"}],"replies":[{"embeddable":true,"href":"http:\/\/www.collectiviteslocales.gov.tn\/fr\/wp-json\/wp\/v2\/comments?post=8860"}],"version-history":[{"count":1,"href":"http:\/\/www.collectiviteslocales.gov.tn\/fr\/wp-json\/wp\/v2\/posts\/8860\/revisions"}],"predecessor-version":[{"id":8861,"href":"http:\/\/www.collectiviteslocales.gov.tn\/fr\/wp-json\/wp\/v2\/posts\/8860\/revisions\/8861"}],"wp:attachment":[{"href":"http:\/\/www.collectiviteslocales.gov.tn\/fr\/wp-json\/wp\/v2\/media?parent=8860"}],"wp:term":[{"taxonomy":"category","embeddable":true,"href":"http:\/\/www.collectiviteslocales.gov.tn\/fr\/wp-json\/wp\/v2\/categories?post=8860"},{"taxonomy":"post_tag","embeddable":true,"href":"http:\/\/www.collectiviteslocales.gov.tn\/fr\/wp-json\/wp\/v2\/tags?post=8860"}],"curies":[{"name":"wp","href":"https:\/\/api.w.org\/{rel}","templated":true}]}}