{"id":8873,"date":"2021-01-28T08:45:40","date_gmt":"2021-01-28T07:45:40","guid":{"rendered":"http:\/\/www.collectiviteslocales.gov.tn\/?p=8873"},"modified":"2021-01-28T08:45:42","modified_gmt":"2021-01-28T07:45:42","slug":"decret-gouvernemental-n-2020-926-du-25-novembre-2020-relatif-a-la-fixation-des-procedures-de-coordination-entre-les-administrations-centrales-ses-services-exterieurs-ainsi-que-les-etablissemen","status":"publish","type":"post","link":"http:\/\/www.collectiviteslocales.gov.tn\/fr\/2021\/01\/28\/decret-gouvernemental-n-2020-926-du-25-novembre-2020-relatif-a-la-fixation-des-procedures-de-coordination-entre-les-administrations-centrales-ses-services-exterieurs-ainsi-que-les-etablissemen\/","title":{"rendered":"D\u00e9cret gouvernemental n\u00b0 2020-926 du 25 novembre 2020, relatif \u00e0 la fixation des proc\u00e9dures de coordination entre les administrations centrales, ses services ext\u00e9rieurs ainsi que les \u00e9tablissements publics, les entreprises publiques et les communes, en mati\u00e8re d\u2019\u00e9laboration ou de r\u00e9vision des plans d\u2019am\u00e9nagement urbain et de leur approbation."},"content":{"rendered":"\n<p>D\u00e9cret gouvernemental n\u00b0 2020-926 du 25\nnovembre 2020, relatif \u00e0 la fixation des\nproc\u00e9dures de coordination entre les\nadministrations centrales, ses services\next\u00e9rieurs ainsi que les \u00e9tablissements\npublics, les entreprises publiques et les\ncommunes, en mati\u00e8re d\u2019\u00e9laboration ou de\nr\u00e9vision des plans d\u2019am\u00e9nagement urbain et\nde leur approbation. <\/p>\n\n   <a href=\"http:\/\/www.collectiviteslocales.gov.tn\/wp-content\/uploads\/2021\/01\/D\u00e9cret2020_926.pdf\" target=\"_blank\" class=\"shortc-button small black \"><i class=\"fa fas fa-download\"><\/i> T\u00e9l\u00e9charger    <\/a>\n","protected":false},"excerpt":{"rendered":"<p>D\u00e9cret gouvernemental n\u00b0 2020-926 du 25 novembre 2020, relatif \u00e0 la fixation des proc\u00e9dures de coordination entre les administrations centrales, ses services ext\u00e9rieurs ainsi que les \u00e9tablissements publics, les entreprises publiques et les communes, en mati\u00e8re d\u2019\u00e9laboration ou de r\u00e9vision des plans d\u2019am\u00e9nagement urbain et de leur approbation.<\/p>\n","protected":false},"author":5,"featured_media":8254,"comment_status":"closed","ping_status":"closed","sticky":true,"template":"","format":"standard","meta":[],"categories":[2,10,83],"tags":[],"yoast_head":"<!-- This site is optimized with the Yoast SEO plugin v16.3 - https:\/\/yoast.com\/wordpress\/plugins\/seo\/ -->\n<title>D\u00e9cret gouvernemental n\u00b0 2020-926 du 25 novembre 2020, relatif \u00e0 la fixation des proc\u00e9dures de coordination entre les administrations centrales, ses services ext\u00e9rieurs ainsi que les \u00e9tablissements publics, les entreprises publiques et les communes, en mati\u00e8re d\u2019\u00e9laboration ou de r\u00e9vision des plans d\u2019am\u00e9nagement urbain et de leur approbation. - \u0628\u0648\u0627\u0628\u0629 \u0627\u0644\u062c\u0645\u0627\u0639\u0627\u062a \u0627\u0644\u0645\u062d\u0644\u064a\u0629<\/title>\n<meta name=\"robots\" content=\"index, follow, max-snippet:-1, max-image-preview:large, max-video-preview:-1\" \/>\n<link rel=\"canonical\" href=\"http:\/\/www.collectiviteslocales.gov.tn\/fr\/2020\/12\/01\/decret2020-926\/\" \/>\n<meta property=\"og:locale\" content=\"fr_FR\" \/>\n<meta property=\"og:type\" content=\"article\" \/>\n<meta property=\"og:title\" content=\"D\u00e9cret gouvernemental n\u00b0 2020-926 du 25 novembre 2020, relatif \u00e0 la fixation des proc\u00e9dures de coordination entre les administrations centrales, ses services ext\u00e9rieurs ainsi que les \u00e9tablissements publics, les entreprises publiques et les communes, en mati\u00e8re d\u2019\u00e9laboration ou de r\u00e9vision des plans d\u2019am\u00e9nagement urbain et de leur approbation. - \u0628\u0648\u0627\u0628\u0629 \u0627\u0644\u062c\u0645\u0627\u0639\u0627\u062a \u0627\u0644\u0645\u062d\u0644\u064a\u0629\" \/>\n<meta property=\"og:description\" content=\"D\u00e9cret gouvernemental n\u00b0 2020-926 du 25 novembre 2020, relatif \u00e0 la fixation des proc\u00e9dures de coordination entre les administrations centrales, ses services ext\u00e9rieurs ainsi que les \u00e9tablissements publics, les entreprises publiques et les communes, en mati\u00e8re d\u2019\u00e9laboration ou de r\u00e9vision des plans d\u2019am\u00e9nagement urbain et de leur approbation.\" \/>\n<meta property=\"og:url\" content=\"http:\/\/www.collectiviteslocales.gov.tn\/2020\/12\/01\/decret2020-926\/\" \/>\n<meta property=\"og:site_name\" content=\"\u0628\u0648\u0627\u0628\u0629 \u0627\u0644\u062c\u0645\u0627\u0639\u0627\u062a \u0627\u0644\u0645\u062d\u0644\u064a\u0629\" \/>\n<meta property=\"article:published_time\" content=\"2021-01-28T07:45:40+00:00\" \/>\n<meta property=\"article:modified_time\" content=\"2021-01-28T07:45:42+00:00\" \/>\n<meta property=\"og:image\" content=\"http:\/\/www.collectiviteslocales.gov.tn\/wp-content\/uploads\/2020\/11\/loi-1.png\" \/>\n\t<meta property=\"og:image:width\" content=\"1499\" \/>\n\t<meta property=\"og:image:height\" content=\"800\" \/>\n<meta name=\"twitter:card\" content=\"summary_large_image\" \/>\n<script type=\"application\/ld+json\" class=\"yoast-schema-graph\">{\"@context\":\"https:\/\/schema.org\",\"@graph\":[{\"@type\":\"WebSite\",\"@id\":\"http:\/\/www.collectiviteslocales.gov.tn\/#website\",\"url\":\"http:\/\/www.collectiviteslocales.gov.tn\/\",\"name\":\"\\u0628\\u0648\\u0627\\u0628\\u0629 \\u0627\\u0644\\u062c\\u0645\\u0627\\u0639\\u0627\\u062a \\u0627\\u0644\\u0645\\u062d\\u0644\\u064a\\u0629\",\"description\":\"\\u0628\\u0648\\u0627\\u0628\\u0629 \\u0627\\u0644\\u062c\\u0645\\u0627\\u0639\\u0627\\u062a \\u0627\\u0644\\u0645\\u062d\\u0644\\u064a\\u0629\",\"potentialAction\":[{\"@type\":\"SearchAction\",\"target\":\"http:\/\/www.collectiviteslocales.gov.tn\/?s={search_term_string}\",\"query-input\":\"required name=search_term_string\"}],\"inLanguage\":\"fr-FR\"},{\"@type\":\"ImageObject\",\"@id\":\"http:\/\/www.collectiviteslocales.gov.tn\/2020\/12\/01\/decret2020-926\/#primaryimage\",\"inLanguage\":\"fr-FR\",\"url\":\"http:\/\/www.collectiviteslocales.gov.tn\/wp-content\/uploads\/2020\/11\/loi-1.png\",\"contentUrl\":\"http:\/\/www.collectiviteslocales.gov.tn\/wp-content\/uploads\/2020\/11\/loi-1.png\",\"width\":1499,\"height\":800},{\"@type\":\"WebPage\",\"@id\":\"http:\/\/www.collectiviteslocales.gov.tn\/2020\/12\/01\/decret2020-926\/#webpage\",\"url\":\"http:\/\/www.collectiviteslocales.gov.tn\/2020\/12\/01\/decret2020-926\/\",\"name\":\"D\\u00e9cret gouvernemental n\\u00b0 2020-926 du 25 novembre 2020, relatif \\u00e0 la fixation des proc\\u00e9dures de coordination entre les administrations centrales, ses services ext\\u00e9rieurs ainsi que les \\u00e9tablissements publics, les entreprises publiques et les communes, en mati\\u00e8re d\\u2019\\u00e9laboration ou de r\\u00e9vision des plans d\\u2019am\\u00e9nagement urbain et de leur approbation. - \\u0628\\u0648\\u0627\\u0628\\u0629 \\u0627\\u0644\\u062c\\u0645\\u0627\\u0639\\u0627\\u062a \\u0627\\u0644\\u0645\\u062d\\u0644\\u064a\\u0629\",\"isPartOf\":{\"@id\":\"http:\/\/www.collectiviteslocales.gov.tn\/#website\"},\"primaryImageOfPage\":{\"@id\":\"http:\/\/www.collectiviteslocales.gov.tn\/2020\/12\/01\/decret2020-926\/#primaryimage\"},\"datePublished\":\"2021-01-28T07:45:40+00:00\",\"dateModified\":\"2021-01-28T07:45:42+00:00\",\"author\":{\"@id\":\"http:\/\/www.collectiviteslocales.gov.tn\/#\/schema\/person\/205875e44a0f20b1eb6f68da6e5ebd0a\"},\"breadcrumb\":{\"@id\":\"http:\/\/www.collectiviteslocales.gov.tn\/2020\/12\/01\/decret2020-926\/#breadcrumb\"},\"inLanguage\":\"fr-FR\",\"potentialAction\":[{\"@type\":\"ReadAction\",\"target\":[\"http:\/\/www.collectiviteslocales.gov.tn\/2020\/12\/01\/decret2020-926\/\"]}]},{\"@type\":\"BreadcrumbList\",\"@id\":\"http:\/\/www.collectiviteslocales.gov.tn\/2020\/12\/01\/decret2020-926\/#breadcrumb\",\"itemListElement\":[{\"@type\":\"ListItem\",\"position\":1,\"item\":{\"@type\":\"WebPage\",\"@id\":\"http:\/\/www.collectiviteslocales.gov.tn\/\",\"url\":\"http:\/\/www.collectiviteslocales.gov.tn\/\",\"name\":\"Accueil\"}},{\"@type\":\"ListItem\",\"position\":2,\"item\":{\"@id\":\"http:\/\/www.collectiviteslocales.gov.tn\/2020\/12\/01\/decret2020-926\/#webpage\"}}]},{\"@type\":\"Person\",\"@id\":\"http:\/\/www.collectiviteslocales.gov.tn\/#\/schema\/person\/205875e44a0f20b1eb6f68da6e5ebd0a\",\"name\":\"baccaraamal\"}]}<\/script>\n<!-- \/ Yoast SEO plugin. -->","_links":{"self":[{"href":"http:\/\/www.collectiviteslocales.gov.tn\/fr\/wp-json\/wp\/v2\/posts\/8873"}],"collection":[{"href":"http:\/\/www.collectiviteslocales.gov.tn\/fr\/wp-json\/wp\/v2\/posts"}],"about":[{"href":"http:\/\/www.collectiviteslocales.gov.tn\/fr\/wp-json\/wp\/v2\/types\/post"}],"author":[{"embeddable":true,"href":"http:\/\/www.collectiviteslocales.gov.tn\/fr\/wp-json\/wp\/v2\/users\/5"}],"replies":[{"embeddable":true,"href":"http:\/\/www.collectiviteslocales.gov.tn\/fr\/wp-json\/wp\/v2\/comments?post=8873"}],"version-history":[{"count":2,"href":"http:\/\/www.collectiviteslocales.gov.tn\/fr\/wp-json\/wp\/v2\/posts\/8873\/revisions"}],"predecessor-version":[{"id":8878,"href":"http:\/\/www.collectiviteslocales.gov.tn\/fr\/wp-json\/wp\/v2\/posts\/8873\/revisions\/8878"}],"wp:featuredmedia":[{"embeddable":true,"href":"http:\/\/www.collectiviteslocales.gov.tn\/fr\/wp-json\/wp\/v2\/media\/8254"}],"wp:attachment":[{"href":"http:\/\/www.collectiviteslocales.gov.tn\/fr\/wp-json\/wp\/v2\/media?parent=8873"}],"wp:term":[{"taxonomy":"category","embeddable":true,"href":"http:\/\/www.collectiviteslocales.gov.tn\/fr\/wp-json\/wp\/v2\/categories?post=8873"},{"taxonomy":"post_tag","embeddable":true,"href":"http:\/\/www.collectiviteslocales.gov.tn\/fr\/wp-json\/wp\/v2\/tags?post=8873"}],"curies":[{"name":"wp","href":"https:\/\/api.w.org\/{rel}","templated":true}]}}